{"id":130055,"date":"2025-08-20T11:11:04","date_gmt":"2025-08-20T09:11:04","guid":{"rendered":"https:\/\/haelg.ch\/?p=130055"},"modified":"2025-11-06T16:43:46","modified_gmt":"2025-11-06T15:43:46","slug":"46-annees-de-fidelite-et-de-fierte-les-liens-etroits-entre-bruno-conte-et-halg-group","status":"publish","type":"post","link":"https:\/\/haelg.ch\/fr\/blog\/46-annees-de-fidelite-et-de-fierte-les-liens-etroits-entre-bruno-conte-et-halg-group\/","title":{"rendered":"46 ann\u00e9es de fid\u00e9lit\u00e9 et de fiert\u00e9: les liens \u00e9troits entre Bruno Conte et H\u00e4lg\u00a0Group"},"content":{"rendered":"\n<div class=\"wp-block-group is-style-shadow is-layout-constrained wp-block-group-is-layout-constrained\">\n<p class=\"has-large-font-size\"><strong><strong><strong><strong>Le 1<sup>er<\/sup>\u00a0mai\u00a01974, Bruno Conte a commenc\u00e9 son apprentissage comme monteur en chauffage sur l\u2019ancien site de H\u00e4lg\u00a0&amp;\u00a0Cie\u00a0SA \u00e0 Wattwil. 46\u00a0ans plus tard, fin 2024, il a pris sa pension. Il repasse en revue ses d\u00e9buts, l\u2019\u00e9volution de son m\u00e9tier, les relations sp\u00e9ciales avec les clients et la pr\u00e9paration transparente de sa retraite.<\/strong><\/strong><\/strong><\/strong><\/p>\n\n\n<div class=\"wp-block wp-custom-block-author\"><div class=\"author-name\">Ramona Mendler<\/div><div class=\"author-bio\"><\/div><\/div>\n\n\n<h2 class=\"wp-block-heading\"><strong><strong><strong>Toggenburg et l\u2019ouverture au monde<\/strong><\/strong><\/strong><\/h2>\n\n\n\n<p>Lorsque Bruno Conte a d\u00e9marr\u00e9 en 1974 son apprentissage comme monteur en chauffage chez H\u00e4lg\u00a0Group, le monde \u00e9tait encore diff\u00e9rent. Il y avait quatre ou cinq apprentis pendant la premi\u00e8re ann\u00e9e et le travail s\u2019effectuait manuellement, sans assistance num\u00e9rique. A la fin de sa formation, il est parti \u00e0 l\u2019\u00e9tranger pour r\u00e9aliser des forages profonds. Mais il est revenu en Suisse quelques ann\u00e9es plus tard et a d\u2019abord rejoint la succursale \u00e0 St-Gall. \u00abIl m\u2019a fallu un certain temps pour retrouver mes rep\u00e8res. Je ne connaissais pas le personnel de St-Gall, puisque j\u2019avais accompli l\u2019apprentissage \u00e0 Wattwil.\u00bb<\/p>\n\n\n\n<figure class=\"wp-block-image alignright size-full is-resized\"><img decoding=\"async\" width=\"1600\" height=\"1200\" loading=\"lazy\" loading=\"lazy\" src=\"https:\/\/haelg.ch\/app\/uploads\/2025\/08\/bruno-conte-lehrvertrag-haelg-co-ag-st-gallen_1600x1200.jpg\" alt=\"Bereits seine Lehre absolvierte Bruno Conte von 1974 bis 1977  bei der H\u00e4lg &amp; Co. AG. \" class=\"wp-image-129337\" style=\"width:487px;height:auto\" srcset=\"https:\/\/haelg.ch\/app\/uploads\/2025\/08\/bruno-conte-lehrvertrag-haelg-co-ag-st-gallen_1600x1200.jpg 1600w, https:\/\/haelg.ch\/app\/uploads\/2025\/08\/bruno-conte-lehrvertrag-haelg-co-ag-st-gallen_1600x1200-300x225.jpg 300w, https:\/\/haelg.ch\/app\/uploads\/2025\/08\/bruno-conte-lehrvertrag-haelg-co-ag-st-gallen_1600x1200-1024x768.jpg 1024w, https:\/\/haelg.ch\/app\/uploads\/2025\/08\/bruno-conte-lehrvertrag-haelg-co-ag-st-gallen_1600x1200-768x576.jpg 768w, https:\/\/haelg.ch\/app\/uploads\/2025\/08\/bruno-conte-lehrvertrag-haelg-co-ag-st-gallen_1600x1200-1536x1152.jpg 1536w\" sizes=\"auto, (max-width: 1600px) 100vw, 1600px\" \/><figcaption class=\"wp-element-caption\">Bruno a effectu\u00e9 son apprentissage chez H\u00e4lg &amp; Cie SA de 1974 \u00e0 1977.<\/figcaption><\/figure>\n\n\n\n<p>Il n\u2019a pas tard\u00e9 \u00e0 r\u00e9aliser des t\u00e2ches suppl\u00e9mentaires, telles que la vente d\u2019assainissements, et a form\u00e9 des apprenti(e)s pendant une vingtaine d\u2019ann\u00e9es. Ses fonctions de responsable \u00e0 Wattwil, il les a apprises sur le tas: \u00abMon pr\u00e9d\u00e9cesseur m\u2019a jet\u00e9 dans le grand bain. En y repensant, cela m\u2019a sans doute aid\u00e9 \u00e0 \u00eatre autonome.\u00bb<\/p>\n\n\n\n<p>Durant les longues ann\u00e9es pass\u00e9es chez H\u00e4lg\u00a0&amp;\u00a0Cie\u00a0SA, il a vu \u00e9voluer la technique, les modes de travail et les exigences des clients. Les commandes devenaient plus complexes, les mat\u00e9riaux changeaient et l\u2019impatience grandissait. Internet a constitu\u00e9 un nouveau d\u00e9fi: les clients s\u2019informaient eux-m\u00eames et s\u2019affirmaient davantage. \u00abCela exigeait de bien plus grands efforts de persuasion dans la vente.\u00bb<\/p>\n\n\n\n<p>Un tournant s\u2019est produit en 2015 lorsqu\u2019il a commenc\u00e9 \u00e0 remarquer qu\u2019il fallait r\u00e9aliser de plus en plus en moins de temps. Cela l\u2019a amen\u00e9 \u00e0 avoir une communication encore plus transparente avec les clients. \u00abA partir de ce moment, j\u2019ai r\u00e9ussi \u00e0 ma\u00eetriser la charge de travail, ce qui \u00e9tait important pour ma sant\u00e9.\u00bb <\/p>\n\n\n\n<p>Il a connu plusieurs g\u00e9n\u00e9rations de directeurs dans l\u2019entreprise: la deuxi\u00e8me avec Emil H\u00e4lg, la troisi\u00e8me avec Heinz Graf-H\u00e4lg et la quatri\u00e8me avec Roger et Marcel Baumer. \u00abLa soci\u00e9t\u00e9 a refait un grand bond en avant sous la direction des fr\u00e8res Baumer.\u00bb<\/p>\n\n\n\n<h2 class=\"wp-block-heading\"><strong><strong><strong><strong>Compliments des clients, coll\u00e9gialit\u00e9 et fid\u00e9lit\u00e9<\/strong><\/strong><\/strong><\/strong><\/h2>\n\n\n\n<p>Pendant toute sa carri\u00e8re, son travail lui a valu l\u2019estime des clients. \u00abLa satisfaction de la client\u00e8le \u00e9tait la plus haute priorit\u00e9 pour nous. Nous avons toujours r\u00e9alis\u00e9 un travail transparent.\u00bb Les commentaires sont \u00e9loquents: \u00ab\u00a0Tr\u00e8s rapide et fiable\u00bb, \u00abComp\u00e9tent, aimable, serviable. Un travail parfait\u00bb, \u00abTout fonctionne tr\u00e8s bien. Enfin!\u00bb. Ces compliments l\u2019ont incit\u00e9 \u00e0 maintenir ses propres exigences de qualit\u00e9 \u00e0 un niveau \u00e9lev\u00e9.<\/p>\n\n\n\n<p>Pour Bruno, la retraite n\u2019\u00e9tait pas une coupure, mais une transition fluide. Il savait depuis longtemps qu\u2019il allait travailler jusqu\u2019\u00e0 l\u2019\u00e2ge de 66\u00a0ans et demi. 2024 a \u00e9t\u00e9 sa derni\u00e8re ann\u00e9e dans l&rsquo;entreprise et le point de d\u00e9part pour la pension. Avec son \u00e9pouse et son sup\u00e9rieur, Reto Briner, Bruno a d\u00e9cid\u00e9 qu\u2019il allait continuer \u00e0 r\u00e9aliser de fa\u00e7on autonome de petits travaux SAV afin de ne pas perdre la main. Il reste en contact avec ses anciens coll\u00e8gues par le biais d\u2019un \u00abChat Caf\u00e9\u00bb sur WhatsApp. \u00abComme j\u2019avais des projets pour ma retraite, j\u2019ai bien pu g\u00e9rer cette nouvelle situation.\u00bb<\/p>\n\n\n\n<figure class=\"wp-block-image alignleft size-full is-resized\"><img decoding=\"async\" width=\"1600\" height=\"1200\" loading=\"lazy\" loading=\"lazy\" src=\"https:\/\/haelg.ch\/app\/uploads\/2025\/08\/bruno-conte-st-gallen_1600x1200.jpg\" alt=\"Bruno Conte mit Reto Briner und Martin Wolf vor der Niederlassung in St. Gallen.\" class=\"wp-image-129344\" style=\"width:445px;height:auto\" srcset=\"https:\/\/haelg.ch\/app\/uploads\/2025\/08\/bruno-conte-st-gallen_1600x1200.jpg 1600w, https:\/\/haelg.ch\/app\/uploads\/2025\/08\/bruno-conte-st-gallen_1600x1200-300x225.jpg 300w, https:\/\/haelg.ch\/app\/uploads\/2025\/08\/bruno-conte-st-gallen_1600x1200-1024x768.jpg 1024w, https:\/\/haelg.ch\/app\/uploads\/2025\/08\/bruno-conte-st-gallen_1600x1200-768x576.jpg 768w, https:\/\/haelg.ch\/app\/uploads\/2025\/08\/bruno-conte-st-gallen_1600x1200-1536x1152.jpg 1536w\" sizes=\"auto, (max-width: 1600px) 100vw, 1600px\" \/><figcaption class=\"wp-element-caption\">Bruno Conte (au centre) avec son ancien sup\u00e9rieur Reto Briner (\u00e0 gauche), directeur de la r\u00e9gion Est, et Martin Wolf (\u00e0 droite), directeur de la succursale H\u00e4lg &amp; Cie SA St-Gall.<\/figcaption><\/figure>\n\n\n\n<p>Avec le recul, il referait la m\u00eame chose. \u00abJ\u2019ai atteint mes objectifs.\u00bb Il a transmis ses connaissances directement aux apprenti(e)s, coll\u00e8gues et m\u00eame aux clients qui voulaient r\u00e9aliser eux-m\u00eames des travaux \u00e0 leur port\u00e9e. Bruno s&rsquo;est toujours laiss\u00e9 guider par ses valeurs: \u00eatre comp\u00e9tent, humain, correct et honn\u00eate. Combin\u00e9e aux marges de man\u0153uvre et \u00e0 la responsabilit\u00e9 personnelle, cette attitude a consolid\u00e9 ses liens avec H\u00e4lg\u00a0Group. \u00abJ\u2019\u00e9tais tout simplement fier de faire partie de cette soci\u00e9t\u00e9.\u00bb Son message \u00e0 l\u2019\u00e9gard de l\u2019entreprise est clair: \u00abMerci pour tout et continuez ainsi.\u00bb<\/p>\n\n\n\n<h2 class=\"wp-block-heading\"><strong><strong><strong>Un nouveau quotidien et un conseil pour l\u2019avenir<\/strong><\/strong><\/strong><\/h2>\n\n\n\n<figure class=\"wp-block-image alignright size-full is-resized\"><img decoding=\"async\" width=\"1600\" height=\"1200\" loading=\"lazy\" loading=\"lazy\" src=\"https:\/\/haelg.ch\/app\/uploads\/2025\/08\/bruno-conte-freizeit_1600x1200.jpg\" alt=\"Schon immer wichtig: Beim Sport kann Bruno Conte abschalten. Mehrmals in der Woche ist er aktiv unterwegs.\" class=\"wp-image-129335\" style=\"width:487px;height:auto\" srcset=\"https:\/\/haelg.ch\/app\/uploads\/2025\/08\/bruno-conte-freizeit_1600x1200.jpg 1600w, https:\/\/haelg.ch\/app\/uploads\/2025\/08\/bruno-conte-freizeit_1600x1200-300x225.jpg 300w, https:\/\/haelg.ch\/app\/uploads\/2025\/08\/bruno-conte-freizeit_1600x1200-1024x768.jpg 1024w, https:\/\/haelg.ch\/app\/uploads\/2025\/08\/bruno-conte-freizeit_1600x1200-768x576.jpg 768w, https:\/\/haelg.ch\/app\/uploads\/2025\/08\/bruno-conte-freizeit_1600x1200-1536x1152.jpg 1536w\" sizes=\"auto, (max-width: 1600px) 100vw, 1600px\" \/><figcaption class=\"wp-element-caption\">Cela a toujours \u00e9t\u00e9 important : Bruno peut se d\u00e9tendre en faisant du sport. Il pratique une activit\u00e9 physique plusieurs fois par semaine.<\/figcaption><\/figure>\n\n\n\n<p>Aujourd\u2019hui, les journ\u00e9es de Bruno se d\u00e9roulent sans pression. Il fait beaucoup de v\u00e9lo, se rend plusieurs fois par semaine au centre de fitness, skie et passe du temps avec sa petite-fille Ladina, qui vient une fois par semaine. L\u2019activit\u00e9 sportive a toujours jou\u00e9 un r\u00f4le important dans sa vie: il a obtenu de belles victoires dans le sport de puissance, en d\u00e9crochant six fois le titre de champion de Suisse d\u2019halt\u00e9rophilie.<\/p>\n\n\n\n<p>Sa forme physique et sa discipline l\u2019aident toujours encore \u00e0 rester actif, dans ses loisirs et ses interventions professionnelles occasionnelles. \u00abJe peux travailler, mais ce n\u2019est pas une obligation. C\u2019est tr\u00e8s cool et sans aucune pression.\u00bb<\/p>\n\n\n\n<p>Son conseil \u00e0 la prochaine g\u00e9n\u00e9ration est pragmatique: \u00abBouclez votre apprentissage, continuez \u00e0 travailler. Vous suivrez peut-\u00eatre encore une autre formation. Restez actifs et acqu\u00e9rez en permanence de nouvelles connaissances. Evoluez toujours avec votre temps.\u00bb<\/p>\n<\/div>\n\n\n\n<div class=\"wp-block-media-text has-media-on-the-right is-stacked-on-mobile is-image-fill-element has-background-color has-secondary-background-color has-text-color has-background has-link-color wp-elements-d06fa6aef96f93e7fb1511ae0e3d1f0c\"><div class=\"wp-block-media-text__content\">\n<h2 class=\"wp-block-heading\">Travailler chez H\u00e4lg Group<\/h2>\n\n\n\n<p>Vous souhaitez faire partie de la famille H\u00e4lg ? Vous trouverez chez nous des postes attrayants et vari\u00e9s offrant des perspectives.<\/p>\n\n\n\n<div class=\"wp-block-buttons is-style-list is-layout-flex wp-block-buttons-is-layout-flex\">\n<div class=\"wp-block-button is-style-outline is-style-outline--1\"><a class=\"wp-block-button__link wp-element-button\" href=\"https:\/\/haelg.ch\/fr\/travailler-chez-nous\/haelg-group-comme-employeur\/perspectives-et-carriere\/\">En savoir plus sur vos perspectives<\/a><\/div>\n\n\n\n<div class=\"wp-block-button is-style-outline is-style-outline--2\"><a class=\"wp-block-button__link wp-element-button\" href=\"https:\/\/haelg.ch\/fr\/travailler-chez-nous\/haelg-group-comme-employeur\/\">H\u00e4lg Group comme employeur<\/a><\/div>\n\n\n\n<div class=\"wp-block-button\"><a class=\"wp-block-button__link wp-element-button\" href=\"https:\/\/haelg.ch\/fr\/travailler-chez-nous\/postes-vacants\/\">Postes vacants<\/a><\/div>\n<\/div>\n<\/div><figure class=\"wp-block-media-text__media\"><img decoding=\"async\" width=\"1024\" height=\"768\" loading=\"lazy\" src=\"https:\/\/haelg.ch\/app\/uploads\/2025\/01\/haelg-fribourg-team-haelg-group_1600x1200-1024x768.jpg\" alt=\"Drei Mitarbeitende der H\u00e4lg Group beraten sich zusammen.\" class=\"wp-image-57761 size-full\" style=\"object-position:84% 55%\" srcset=\"https:\/\/haelg.ch\/app\/uploads\/2025\/01\/haelg-fribourg-team-haelg-group_1600x1200-1024x768.jpg 1024w, https:\/\/haelg.ch\/app\/uploads\/2025\/01\/haelg-fribourg-team-haelg-group_1600x1200-300x225.jpg 300w, https:\/\/haelg.ch\/app\/uploads\/2025\/01\/haelg-fribourg-team-haelg-group_1600x1200-768x576.jpg 768w, https:\/\/haelg.ch\/app\/uploads\/2025\/01\/haelg-fribourg-team-haelg-group_1600x1200-1536x1152.jpg 1536w, https:\/\/haelg.ch\/app\/uploads\/2025\/01\/haelg-fribourg-team-haelg-group_1600x1200.jpg 1600w\" sizes=\"auto, (max-width: 1024px) 100vw, 1024px\" \/><\/figure><\/div>\n","protected":false},"excerpt":{"rendered":"<p>Bruno Conte (Mitte) mit seinem ehemaligen Vorgesetzten Reto Briner (links), Regionenleiter Ost und Martin Wolf (rechts), Niederlassungsleiter der H\u00e4lg &#038; Co. AG St. Gallen.<\/p>\n","protected":false},"author":5,"featured_media":129348,"comment_status":"closed","ping_status":"closed","sticky":false,"template":"","format":"standard","meta":{"_acf_changed":false,"inline_featured_image":false,"footnotes":""},"categories":[363,362],"tags":[],"class_list":["post-130055","post","type-post","status-publish","format-standard","has-post-thumbnail","hentry","category-focus-sur-les-collaborateurs","category-haelg-group-comme-employeur"],"acf":[],"yoast_head":"<!-- This site is optimized with the Yoast SEO plugin v27.3 - https:\/\/yoast.com\/product\/yoast-seo-wordpress\/ -->\n<title>46 ans au sein du H\u00e4lg Group : de l&#039;apprentissage \u00e0 la retraite<\/title>\n<meta name=\"description\" content=\"En 1974, Bruno Conte a commenc\u00e9 son apprentissage de chauffagiste sur l&#039;ancien site de H\u00e4lg &amp; Co. AG \u00e0 Wattwil. 46 ans plus tard, il a pris sa retraite.\" \/>\n<meta name=\"robots\" content=\"index, follow, max-snippet:-1, max-image-preview:large, max-video-preview:-1\" \/>\n<link rel=\"canonical\" href=\"https:\/\/haelg.ch\/fr\/blog\/46-annees-de-fidelite-et-de-fierte-les-liens-etroits-entre-bruno-conte-et-halg-group\/\" \/>\n<meta property=\"og:locale\" content=\"fr_FR\" \/>\n<meta property=\"og:type\" content=\"article\" \/>\n<meta property=\"og:title\" content=\"46 ans au sein du H\u00e4lg Group : de l&#039;apprentissage \u00e0 la retraite\" \/>\n<meta property=\"og:description\" content=\"En 1974, Bruno Conte a commenc\u00e9 son apprentissage de chauffagiste sur l&#039;ancien site de H\u00e4lg &amp; Co. AG \u00e0 Wattwil. 46 ans plus tard, il a pris sa retraite.\" \/>\n<meta property=\"og:url\" content=\"https:\/\/haelg.ch\/fr\/blog\/46-annees-de-fidelite-et-de-fierte-les-liens-etroits-entre-bruno-conte-et-halg-group\/\" \/>\n<meta property=\"og:site_name\" content=\"H\u00e4lg Group\" \/>\n<meta property=\"article:publisher\" content=\"https:\/\/www.facebook.com\/haelg.ch\" \/>\n<meta property=\"article:published_time\" content=\"2025-08-20T09:11:04+00:00\" \/>\n<meta property=\"article:modified_time\" content=\"2025-11-06T15:43:46+00:00\" \/>\n<meta property=\"og:image\" content=\"https:\/\/haelg.ch\/app\/uploads\/2025\/08\/bruno-conte-100-jahr-jubilaeum-haelg-group_2400x2400.jpg\" \/>\n\t<meta property=\"og:image:width\" content=\"2400\" \/>\n\t<meta property=\"og:image:height\" content=\"2400\" \/>\n\t<meta property=\"og:image:type\" content=\"image\/jpeg\" \/>\n<meta name=\"author\" content=\"Ramona Mendler\" \/>\n<meta name=\"twitter:card\" content=\"summary_large_image\" \/>\n<meta name=\"twitter:label1\" content=\"\u00c9crit par\" \/>\n\t<meta name=\"twitter:data1\" content=\"Ramona Mendler\" \/>\n\t<meta name=\"twitter:label2\" content=\"Dur\u00e9e de lecture estim\u00e9e\" \/>\n\t<meta name=\"twitter:data2\" content=\"6 minutes\" \/>\n<script type=\"application\/ld+json\" class=\"yoast-schema-graph\">{\"@context\":\"https:\\\/\\\/schema.org\",\"@graph\":[{\"@type\":\"Article\",\"@id\":\"https:\\\/\\\/haelg.ch\\\/fr\\\/blog\\\/46-annees-de-fidelite-et-de-fierte-les-liens-etroits-entre-bruno-conte-et-halg-group\\\/#article\",\"isPartOf\":{\"@id\":\"https:\\\/\\\/haelg.ch\\\/fr\\\/blog\\\/46-annees-de-fidelite-et-de-fierte-les-liens-etroits-entre-bruno-conte-et-halg-group\\\/\"},\"author\":{\"name\":\"Ramona Mendler\",\"@id\":\"https:\\\/\\\/haelg.ch\\\/fr\\\/#\\\/schema\\\/person\\\/407ee5498402f3cae4a57e9b17ce36e6\"},\"headline\":\"46 ann\u00e9es de fid\u00e9lit\u00e9 et de fiert\u00e9: les liens \u00e9troits entre Bruno Conte et H\u00e4lg\u00a0Group\",\"datePublished\":\"2025-08-20T09:11:04+00:00\",\"dateModified\":\"2025-11-06T15:43:46+00:00\",\"mainEntityOfPage\":{\"@id\":\"https:\\\/\\\/haelg.ch\\\/fr\\\/blog\\\/46-annees-de-fidelite-et-de-fierte-les-liens-etroits-entre-bruno-conte-et-halg-group\\\/\"},\"wordCount\":1015,\"publisher\":{\"@id\":\"https:\\\/\\\/haelg.ch\\\/fr\\\/#organization\"},\"image\":{\"@id\":\"https:\\\/\\\/haelg.ch\\\/fr\\\/blog\\\/46-annees-de-fidelite-et-de-fierte-les-liens-etroits-entre-bruno-conte-et-halg-group\\\/#primaryimage\"},\"thumbnailUrl\":\"https:\\\/\\\/haelg.ch\\\/app\\\/uploads\\\/2025\\\/08\\\/bruno-conte-100-jahr-jubilaeum-haelg-group_2400x2400.jpg\",\"articleSection\":[\"Focus sur les collaborateurs\",\"H\u00e4lg Group comme employeur\"],\"inLanguage\":\"fr-FR\"},{\"@type\":\"WebPage\",\"@id\":\"https:\\\/\\\/haelg.ch\\\/fr\\\/blog\\\/46-annees-de-fidelite-et-de-fierte-les-liens-etroits-entre-bruno-conte-et-halg-group\\\/\",\"url\":\"https:\\\/\\\/haelg.ch\\\/fr\\\/blog\\\/46-annees-de-fidelite-et-de-fierte-les-liens-etroits-entre-bruno-conte-et-halg-group\\\/\",\"name\":\"46 ans au sein du H\u00e4lg Group : de l'apprentissage \u00e0 la retraite\",\"isPartOf\":{\"@id\":\"https:\\\/\\\/haelg.ch\\\/fr\\\/#website\"},\"primaryImageOfPage\":{\"@id\":\"https:\\\/\\\/haelg.ch\\\/fr\\\/blog\\\/46-annees-de-fidelite-et-de-fierte-les-liens-etroits-entre-bruno-conte-et-halg-group\\\/#primaryimage\"},\"image\":{\"@id\":\"https:\\\/\\\/haelg.ch\\\/fr\\\/blog\\\/46-annees-de-fidelite-et-de-fierte-les-liens-etroits-entre-bruno-conte-et-halg-group\\\/#primaryimage\"},\"thumbnailUrl\":\"https:\\\/\\\/haelg.ch\\\/app\\\/uploads\\\/2025\\\/08\\\/bruno-conte-100-jahr-jubilaeum-haelg-group_2400x2400.jpg\",\"datePublished\":\"2025-08-20T09:11:04+00:00\",\"dateModified\":\"2025-11-06T15:43:46+00:00\",\"description\":\"En 1974, Bruno Conte a commenc\u00e9 son apprentissage de chauffagiste sur l'ancien site de H\u00e4lg & Co. AG \u00e0 Wattwil. 46 ans plus tard, il a pris sa retraite.\",\"breadcrumb\":{\"@id\":\"https:\\\/\\\/haelg.ch\\\/fr\\\/blog\\\/46-annees-de-fidelite-et-de-fierte-les-liens-etroits-entre-bruno-conte-et-halg-group\\\/#breadcrumb\"},\"inLanguage\":\"fr-FR\",\"potentialAction\":[{\"@type\":\"ReadAction\",\"target\":[\"https:\\\/\\\/haelg.ch\\\/fr\\\/blog\\\/46-annees-de-fidelite-et-de-fierte-les-liens-etroits-entre-bruno-conte-et-halg-group\\\/\"]}]},{\"@type\":\"ImageObject\",\"inLanguage\":\"fr-FR\",\"@id\":\"https:\\\/\\\/haelg.ch\\\/fr\\\/blog\\\/46-annees-de-fidelite-et-de-fierte-les-liens-etroits-entre-bruno-conte-et-halg-group\\\/#primaryimage\",\"url\":\"https:\\\/\\\/haelg.ch\\\/app\\\/uploads\\\/2025\\\/08\\\/bruno-conte-100-jahr-jubilaeum-haelg-group_2400x2400.jpg\",\"contentUrl\":\"https:\\\/\\\/haelg.ch\\\/app\\\/uploads\\\/2025\\\/08\\\/bruno-conte-100-jahr-jubilaeum-haelg-group_2400x2400.jpg\",\"width\":2400,\"height\":2400,\"caption\":\"Bruno Conte am 100-Jahr-Jubil\u00e4um der H\u00e4lg Group\"},{\"@type\":\"BreadcrumbList\",\"@id\":\"https:\\\/\\\/haelg.ch\\\/fr\\\/blog\\\/46-annees-de-fidelite-et-de-fierte-les-liens-etroits-entre-bruno-conte-et-halg-group\\\/#breadcrumb\",\"itemListElement\":[{\"@type\":\"ListItem\",\"position\":1,\"name\":\"Accueil\",\"item\":\"https:\\\/\\\/haelg.ch\\\/fr\\\/\"},{\"@type\":\"ListItem\",\"position\":2,\"name\":\"46 ann\u00e9es de fid\u00e9lit\u00e9 et de fiert\u00e9: les liens \u00e9troits entre Bruno Conte et H\u00e4lg\u00a0Group\"}]},{\"@type\":\"WebSite\",\"@id\":\"https:\\\/\\\/haelg.ch\\\/fr\\\/#website\",\"url\":\"https:\\\/\\\/haelg.ch\\\/fr\\\/\",\"name\":\"H\u00e4lg Group\",\"description\":\"\",\"publisher\":{\"@id\":\"https:\\\/\\\/haelg.ch\\\/fr\\\/#organization\"},\"potentialAction\":[{\"@type\":\"SearchAction\",\"target\":{\"@type\":\"EntryPoint\",\"urlTemplate\":\"https:\\\/\\\/haelg.ch\\\/fr\\\/?s={search_term_string}\"},\"query-input\":{\"@type\":\"PropertyValueSpecification\",\"valueRequired\":true,\"valueName\":\"search_term_string\"}}],\"inLanguage\":\"fr-FR\"},{\"@type\":\"Organization\",\"@id\":\"https:\\\/\\\/haelg.ch\\\/fr\\\/#organization\",\"name\":\"H\u00e4lg Group\",\"url\":\"https:\\\/\\\/haelg.ch\\\/fr\\\/\",\"logo\":{\"@type\":\"ImageObject\",\"inLanguage\":\"fr-FR\",\"@id\":\"https:\\\/\\\/haelg.ch\\\/fr\\\/#\\\/schema\\\/logo\\\/image\\\/\",\"url\":\"https:\\\/\\\/haelg.ch\\\/app\\\/uploads\\\/2025\\\/01\\\/haelg-group-logo_1800x1200.jpg\",\"contentUrl\":\"https:\\\/\\\/haelg.ch\\\/app\\\/uploads\\\/2025\\\/01\\\/haelg-group-logo_1800x1200.jpg\",\"width\":1620,\"height\":1080,\"caption\":\"H\u00e4lg Group\"},\"image\":{\"@id\":\"https:\\\/\\\/haelg.ch\\\/fr\\\/#\\\/schema\\\/logo\\\/image\\\/\"},\"sameAs\":[\"https:\\\/\\\/www.facebook.com\\\/haelg.ch\",\"https:\\\/\\\/www.linkedin.com\\\/company\\\/haelggroup\\\/\",\"https:\\\/\\\/www.instagram.com\\\/haelg.group\\\/\",\"https:\\\/\\\/www.youtube.com\\\/channel\\\/UCCP6yzfvj3o6gA9J5L0QJCg\\\/videos\",\"https:\\\/\\\/www.kununu.com\\\/ch\\\/haelg-group\"]},{\"@type\":\"Person\",\"@id\":\"https:\\\/\\\/haelg.ch\\\/fr\\\/#\\\/schema\\\/person\\\/407ee5498402f3cae4a57e9b17ce36e6\",\"name\":\"Ramona Mendler\",\"image\":{\"@type\":\"ImageObject\",\"inLanguage\":\"fr-FR\",\"@id\":\"https:\\\/\\\/secure.gravatar.com\\\/avatar\\\/4f70dc949ea65471bf39a2be95f88f915f1abbb056bb977ad7e69bc4e205e66d?s=96&d=mm&r=g\",\"url\":\"https:\\\/\\\/secure.gravatar.com\\\/avatar\\\/4f70dc949ea65471bf39a2be95f88f915f1abbb056bb977ad7e69bc4e205e66d?s=96&d=mm&r=g\",\"contentUrl\":\"https:\\\/\\\/secure.gravatar.com\\\/avatar\\\/4f70dc949ea65471bf39a2be95f88f915f1abbb056bb977ad7e69bc4e205e66d?s=96&d=mm&r=g\",\"caption\":\"Ramona Mendler\"}}]}<\/script>\n<!-- \/ Yoast SEO plugin. -->","yoast_head_json":{"title":"46 ans au sein du H\u00e4lg Group : de l'apprentissage \u00e0 la retraite","description":"En 1974, Bruno Conte a commenc\u00e9 son apprentissage de chauffagiste sur l'ancien site de H\u00e4lg & Co. AG \u00e0 Wattwil. 46 ans plus tard, il a pris sa retraite.","robots":{"index":"index","follow":"follow","max-snippet":"max-snippet:-1","max-image-preview":"max-image-preview:large","max-video-preview":"max-video-preview:-1"},"canonical":"https:\/\/haelg.ch\/fr\/blog\/46-annees-de-fidelite-et-de-fierte-les-liens-etroits-entre-bruno-conte-et-halg-group\/","og_locale":"fr_FR","og_type":"article","og_title":"46 ans au sein du H\u00e4lg Group : de l'apprentissage \u00e0 la retraite","og_description":"En 1974, Bruno Conte a commenc\u00e9 son apprentissage de chauffagiste sur l'ancien site de H\u00e4lg & Co. AG \u00e0 Wattwil. 46 ans plus tard, il a pris sa retraite.","og_url":"https:\/\/haelg.ch\/fr\/blog\/46-annees-de-fidelite-et-de-fierte-les-liens-etroits-entre-bruno-conte-et-halg-group\/","og_site_name":"H\u00e4lg Group","article_publisher":"https:\/\/www.facebook.com\/haelg.ch","article_published_time":"2025-08-20T09:11:04+00:00","article_modified_time":"2025-11-06T15:43:46+00:00","og_image":[{"width":2400,"height":2400,"url":"https:\/\/haelg.ch\/app\/uploads\/2025\/08\/bruno-conte-100-jahr-jubilaeum-haelg-group_2400x2400.jpg","type":"image\/jpeg"}],"author":"Ramona Mendler","twitter_card":"summary_large_image","twitter_misc":{"\u00c9crit par":"Ramona Mendler","Dur\u00e9e de lecture estim\u00e9e":"6 minutes"},"schema":{"@context":"https:\/\/schema.org","@graph":[{"@type":"Article","@id":"https:\/\/haelg.ch\/fr\/blog\/46-annees-de-fidelite-et-de-fierte-les-liens-etroits-entre-bruno-conte-et-halg-group\/#article","isPartOf":{"@id":"https:\/\/haelg.ch\/fr\/blog\/46-annees-de-fidelite-et-de-fierte-les-liens-etroits-entre-bruno-conte-et-halg-group\/"},"author":{"name":"Ramona Mendler","@id":"https:\/\/haelg.ch\/fr\/#\/schema\/person\/407ee5498402f3cae4a57e9b17ce36e6"},"headline":"46 ann\u00e9es de fid\u00e9lit\u00e9 et de fiert\u00e9: les liens \u00e9troits entre Bruno Conte et H\u00e4lg\u00a0Group","datePublished":"2025-08-20T09:11:04+00:00","dateModified":"2025-11-06T15:43:46+00:00","mainEntityOfPage":{"@id":"https:\/\/haelg.ch\/fr\/blog\/46-annees-de-fidelite-et-de-fierte-les-liens-etroits-entre-bruno-conte-et-halg-group\/"},"wordCount":1015,"publisher":{"@id":"https:\/\/haelg.ch\/fr\/#organization"},"image":{"@id":"https:\/\/haelg.ch\/fr\/blog\/46-annees-de-fidelite-et-de-fierte-les-liens-etroits-entre-bruno-conte-et-halg-group\/#primaryimage"},"thumbnailUrl":"https:\/\/haelg.ch\/app\/uploads\/2025\/08\/bruno-conte-100-jahr-jubilaeum-haelg-group_2400x2400.jpg","articleSection":["Focus sur les collaborateurs","H\u00e4lg Group comme employeur"],"inLanguage":"fr-FR"},{"@type":"WebPage","@id":"https:\/\/haelg.ch\/fr\/blog\/46-annees-de-fidelite-et-de-fierte-les-liens-etroits-entre-bruno-conte-et-halg-group\/","url":"https:\/\/haelg.ch\/fr\/blog\/46-annees-de-fidelite-et-de-fierte-les-liens-etroits-entre-bruno-conte-et-halg-group\/","name":"46 ans au sein du H\u00e4lg Group : de l'apprentissage \u00e0 la retraite","isPartOf":{"@id":"https:\/\/haelg.ch\/fr\/#website"},"primaryImageOfPage":{"@id":"https:\/\/haelg.ch\/fr\/blog\/46-annees-de-fidelite-et-de-fierte-les-liens-etroits-entre-bruno-conte-et-halg-group\/#primaryimage"},"image":{"@id":"https:\/\/haelg.ch\/fr\/blog\/46-annees-de-fidelite-et-de-fierte-les-liens-etroits-entre-bruno-conte-et-halg-group\/#primaryimage"},"thumbnailUrl":"https:\/\/haelg.ch\/app\/uploads\/2025\/08\/bruno-conte-100-jahr-jubilaeum-haelg-group_2400x2400.jpg","datePublished":"2025-08-20T09:11:04+00:00","dateModified":"2025-11-06T15:43:46+00:00","description":"En 1974, Bruno Conte a commenc\u00e9 son apprentissage de chauffagiste sur l'ancien site de H\u00e4lg & Co. AG \u00e0 Wattwil. 46 ans plus tard, il a pris sa retraite.","breadcrumb":{"@id":"https:\/\/haelg.ch\/fr\/blog\/46-annees-de-fidelite-et-de-fierte-les-liens-etroits-entre-bruno-conte-et-halg-group\/#breadcrumb"},"inLanguage":"fr-FR","potentialAction":[{"@type":"ReadAction","target":["https:\/\/haelg.ch\/fr\/blog\/46-annees-de-fidelite-et-de-fierte-les-liens-etroits-entre-bruno-conte-et-halg-group\/"]}]},{"@type":"ImageObject","inLanguage":"fr-FR","@id":"https:\/\/haelg.ch\/fr\/blog\/46-annees-de-fidelite-et-de-fierte-les-liens-etroits-entre-bruno-conte-et-halg-group\/#primaryimage","url":"https:\/\/haelg.ch\/app\/uploads\/2025\/08\/bruno-conte-100-jahr-jubilaeum-haelg-group_2400x2400.jpg","contentUrl":"https:\/\/haelg.ch\/app\/uploads\/2025\/08\/bruno-conte-100-jahr-jubilaeum-haelg-group_2400x2400.jpg","width":2400,"height":2400,"caption":"Bruno Conte am 100-Jahr-Jubil\u00e4um der H\u00e4lg Group"},{"@type":"BreadcrumbList","@id":"https:\/\/haelg.ch\/fr\/blog\/46-annees-de-fidelite-et-de-fierte-les-liens-etroits-entre-bruno-conte-et-halg-group\/#breadcrumb","itemListElement":[{"@type":"ListItem","position":1,"name":"Accueil","item":"https:\/\/haelg.ch\/fr\/"},{"@type":"ListItem","position":2,"name":"46 ann\u00e9es de fid\u00e9lit\u00e9 et de fiert\u00e9: les liens \u00e9troits entre Bruno Conte et H\u00e4lg\u00a0Group"}]},{"@type":"WebSite","@id":"https:\/\/haelg.ch\/fr\/#website","url":"https:\/\/haelg.ch\/fr\/","name":"H\u00e4lg Group","description":"","publisher":{"@id":"https:\/\/haelg.ch\/fr\/#organization"},"potentialAction":[{"@type":"SearchAction","target":{"@type":"EntryPoint","urlTemplate":"https:\/\/haelg.ch\/fr\/?s={search_term_string}"},"query-input":{"@type":"PropertyValueSpecification","valueRequired":true,"valueName":"search_term_string"}}],"inLanguage":"fr-FR"},{"@type":"Organization","@id":"https:\/\/haelg.ch\/fr\/#organization","name":"H\u00e4lg Group","url":"https:\/\/haelg.ch\/fr\/","logo":{"@type":"ImageObject","inLanguage":"fr-FR","@id":"https:\/\/haelg.ch\/fr\/#\/schema\/logo\/image\/","url":"https:\/\/haelg.ch\/app\/uploads\/2025\/01\/haelg-group-logo_1800x1200.jpg","contentUrl":"https:\/\/haelg.ch\/app\/uploads\/2025\/01\/haelg-group-logo_1800x1200.jpg","width":1620,"height":1080,"caption":"H\u00e4lg Group"},"image":{"@id":"https:\/\/haelg.ch\/fr\/#\/schema\/logo\/image\/"},"sameAs":["https:\/\/www.facebook.com\/haelg.ch","https:\/\/www.linkedin.com\/company\/haelggroup\/","https:\/\/www.instagram.com\/haelg.group\/","https:\/\/www.youtube.com\/channel\/UCCP6yzfvj3o6gA9J5L0QJCg\/videos","https:\/\/www.kununu.com\/ch\/haelg-group"]},{"@type":"Person","@id":"https:\/\/haelg.ch\/fr\/#\/schema\/person\/407ee5498402f3cae4a57e9b17ce36e6","name":"Ramona Mendler","image":{"@type":"ImageObject","inLanguage":"fr-FR","@id":"https:\/\/secure.gravatar.com\/avatar\/4f70dc949ea65471bf39a2be95f88f915f1abbb056bb977ad7e69bc4e205e66d?s=96&d=mm&r=g","url":"https:\/\/secure.gravatar.com\/avatar\/4f70dc949ea65471bf39a2be95f88f915f1abbb056bb977ad7e69bc4e205e66d?s=96&d=mm&r=g","contentUrl":"https:\/\/secure.gravatar.com\/avatar\/4f70dc949ea65471bf39a2be95f88f915f1abbb056bb977ad7e69bc4e205e66d?s=96&d=mm&r=g","caption":"Ramona Mendler"}}]}},"_links":{"self":[{"href":"https:\/\/haelg.ch\/fr\/wp-json\/wp\/v2\/posts\/130055","targetHints":{"allow":["GET"]}}],"collection":[{"href":"https:\/\/haelg.ch\/fr\/wp-json\/wp\/v2\/posts"}],"about":[{"href":"https:\/\/haelg.ch\/fr\/wp-json\/wp\/v2\/types\/post"}],"author":[{"embeddable":true,"href":"https:\/\/haelg.ch\/fr\/wp-json\/wp\/v2\/users\/5"}],"replies":[{"embeddable":true,"href":"https:\/\/haelg.ch\/fr\/wp-json\/wp\/v2\/comments?post=130055"}],"version-history":[{"count":5,"href":"https:\/\/haelg.ch\/fr\/wp-json\/wp\/v2\/posts\/130055\/revisions"}],"predecessor-version":[{"id":130062,"href":"https:\/\/haelg.ch\/fr\/wp-json\/wp\/v2\/posts\/130055\/revisions\/130062"}],"wp:featuredmedia":[{"embeddable":true,"href":"https:\/\/haelg.ch\/fr\/wp-json\/wp\/v2\/media\/129348"}],"wp:attachment":[{"href":"https:\/\/haelg.ch\/fr\/wp-json\/wp\/v2\/media?parent=130055"}],"wp:term":[{"taxonomy":"category","embeddable":true,"href":"https:\/\/haelg.ch\/fr\/wp-json\/wp\/v2\/categories?post=130055"},{"taxonomy":"post_tag","embeddable":true,"href":"https:\/\/haelg.ch\/fr\/wp-json\/wp\/v2\/tags?post=130055"}],"curies":[{"name":"wp","href":"https:\/\/api.w.org\/{rel}","templated":true}]}}