{"id":152332,"date":"2025-10-09T07:33:47","date_gmt":"2025-10-09T05:33:47","guid":{"rendered":"https:\/\/haelg.ch\/?p=152332"},"modified":"2025-11-06T16:43:26","modified_gmt":"2025-11-06T15:43:26","slug":"des-objectifs-climatiques-solides-notre-trajectoire-de-reduction-des-emissions-de-co%e2%82%82","status":"publish","type":"post","link":"https:\/\/haelg.ch\/fr\/blog\/des-objectifs-climatiques-solides-notre-trajectoire-de-reduction-des-emissions-de-co%e2%82%82\/","title":{"rendered":"Des objectifs climatiques solides: notre trajectoire de r\u00e9duction des \u00e9missions de CO\u2082"},"content":{"rendered":"\n<div class=\"wp-block-group is-style-shadow is-layout-constrained wp-block-group-is-layout-constrained\">\n<p class=\"has-large-font-size\"><strong><strong><strong>La protection climatique s\u2019appuie sur les connaissances et la responsabilit\u00e9. Pour nous, cela signifie: cr\u00e9er une base claire avant de formuler des objectifs ambitieux. C\u2019est pourquoi nous avons \u00e9tabli pour la premi\u00e8re fois un bilan CO<sub>\u2082<\/sub> complet. Cela nous permet d\u2019appliquer des mesures concr\u00e8tes, sans lancer des promesses dans le vent.<\/strong><\/strong><\/strong><\/p>\n\n\n<div class=\"wp-block wp-custom-block-author\"><div class=\"author-name\">Tamara Bosshard<\/div><div class=\"author-bio\"><\/div><\/div>\n\n\n<p>Pour nous, la durabilit\u00e9 est plus qu\u2019un slogan. Elle fait partie de notre identit\u00e9 en tant qu\u2019entreprise familiale. En 2024, nous avons atteint une \u00e9tape d\u00e9cisive. En collaboration avec les sp\u00e9cialistes d\u2019EBP (Suisse) SA, nous avons en effet \u00e9tabli le premier bilan CO<strong><strong><strong><sub>\u2082<\/sub><\/strong><\/strong><\/strong> de H\u00e4lg&nbsp;Group.<\/p>\n\n\n\n<h2 class=\"wp-block-heading\"><strong><strong><strong>Ce que le bilan montre<\/strong><\/strong><\/strong><\/h2>\n\n\n\n<p>Notre bilan met en \u00e9vidence que la plus grande partie des \u00e9missions de notre entreprise provient d\u2019installations et d\u2019appareils que nous mettons en place dans le cadre de nos projets. Ces \u00e9missions dites indirectes se soustraient \u00e0 notre influence directe. Mais nous savons qu\u2019il existe tout de m\u00eame aussi des opportunit\u00e9s dans ce domaine. Car nos partenaires s\u2019efforcent \u00e9galement de r\u00e9duire leurs \u00e9missions de CO<strong><strong><strong><sub>\u2082<\/sub><\/strong><\/strong><\/strong>. Nous ne voulons cependant pas seulement nous mouvoir dans le sillage des autres et profiter de la trajectoire de r\u00e9duction globale. Bien au contraire. Nous souhaitons \u00eatre actifs dans ce secteur, assumer des responsabilit\u00e9s et apporter nous-m\u00eames une contribution \u00e0 la diminution des \u00e9missions.<\/p>\n\n\n\n<h2 class=\"wp-block-heading\"><strong><strong>Notre objectif d\u2019ici 2030<\/strong><\/strong><\/h2>\n\n\n\n<p>Nous nous fixons un objectif concret: d\u2019ici la fin 2030, nous avons l\u2019ambition de r\u00e9duire de 20% nos \u00e9missions de CO<strong><strong><strong><sub>\u2082<\/sub><\/strong><\/strong><\/strong> li\u00e9es au scope&nbsp;3 et de 25% celles qui concernent les scopes&nbsp;1 et 2. Afin d\u2019atteindre ces objectifs, nous misons sur trois champs d\u2019action cl\u00e9s:<\/p>\n\n\n\n<ul class=\"wp-block-list\">\n<li>Poursuite de l\u2019\u00e9lectrification de notre parc de v\u00e9hicules<\/li>\n\n\n\n<li>D\u00e9carbonation de notre propre consommation de courant<\/li>\n\n\n\n<li>Optimisation des d\u00e9placements pendulaires<\/li>\n<\/ul>\n\n\n\n<blockquote class=\"wp-block-quote is-layout-flow wp-block-quote-is-layout-flow\">\n<p>\u00abNous sommes tr\u00e8s heureux d&rsquo;accompagner H\u00e4lg Group dans sa d\u00e9marche vers une plus grande responsabilit\u00e9 \u00e9cologique. Gr\u00e2ce \u00e0 une approche structur\u00e9e, une base solide a \u00e9t\u00e9 cr\u00e9\u00e9e pour d\u00e9velopper des mesures efficaces pour l&rsquo;avenir.\u00bb<\/p>\n<cite><strong><strong>Luc Subal<\/strong>, chef de projet Ressources et ACV, EBP (Suisse) SA<\/strong><\/cite><\/blockquote>\n\n\n\n<figure class=\"wp-block-image alignright size-full is-resized\"><img decoding=\"async\" width=\"2317\" height=\"2046\" loading=\"lazy\" loading=\"lazy\" src=\"https:\/\/haelg.ch\/app\/uploads\/2025\/10\/emissionen-im-einflussbereich-der-haelg-group-2025-fr.png\" alt=\"Emissions influen\u00e7ables par H\u00e4lg Group\" class=\"wp-image-152637\" style=\"width:445px;height:auto\" srcset=\"https:\/\/haelg.ch\/app\/uploads\/2025\/10\/emissionen-im-einflussbereich-der-haelg-group-2025-fr.png 2317w, https:\/\/haelg.ch\/app\/uploads\/2025\/10\/emissionen-im-einflussbereich-der-haelg-group-2025-fr-300x265.png 300w, https:\/\/haelg.ch\/app\/uploads\/2025\/10\/emissionen-im-einflussbereich-der-haelg-group-2025-fr-1024x904.png 1024w, https:\/\/haelg.ch\/app\/uploads\/2025\/10\/emissionen-im-einflussbereich-der-haelg-group-2025-fr-768x678.png 768w, https:\/\/haelg.ch\/app\/uploads\/2025\/10\/emissionen-im-einflussbereich-der-haelg-group-2025-fr-1536x1356.png 1536w, https:\/\/haelg.ch\/app\/uploads\/2025\/10\/emissionen-im-einflussbereich-der-haelg-group-2025-fr-2048x1808.png 2048w\" sizes=\"auto, (max-width: 2317px) 100vw, 2317px\" \/><figcaption class=\"wp-element-caption\">Emissions influen\u00e7ables par H\u00e4lg Group<\/figcaption><\/figure>\n\n\n\n<h2 class=\"wp-block-heading\"><strong><strong><strong><strong>Le bilan CO<strong><strong><strong><sub>\u2082<\/sub><\/strong><\/strong><\/strong> comme boussole<\/strong><\/strong><\/strong><\/strong><\/h2>\n\n\n\n<p>Pour nous, la protection climatique ne se limite pas \u00e0 des d\u00e9clarations d\u2019intention. Elle exige une base solide, des objectifs clairs et des mesures quantifiables. Notre bilan CO\u2082 nous sert de boussole. Il montre nos leviers d\u2019action et les \u00e9tapes n\u00e9cessaires. Nous allons \u00e0 pr\u00e9sent examiner en d\u00e9tail les champs d\u2019action d\u00e9finis et \u00e9laborer des mesures concr\u00e8tes. Afin de rendre notre progr\u00e8s transparent, nous actualiserons notre bilan CO\u2082 chaque ann\u00e9e et accompagnerons ainsi ce projet tout au long de son ex\u00e9cution.<\/p>\n\n\n\n<p>Nous empruntons cette voie de fa\u00e7on responsable pour avancer vers un avenir agr\u00e9able.<\/p>\n<\/div>\n\n\n\n<div class=\"wp-block-group is-layout-constrained wp-block-group-is-layout-constrained\"><div class=\"wp-block-media-text has-media-on-the-right is-stacked-on-mobile has-background-color has-secondary-background-color has-text-color has-background has-link-color is-employee-highlighted\"><div class=\"wp-block-media-text__content\" >\n\n        <h2 class=\"wp-block-heading\">Vous souhaitez obtenir plus d&rsquo;informations?<\/h2>\n\n        <h3>Tamara  Bosshard<\/h3>\n        <p class=\"employee-role\">Responsable Marketing et communication \/ RSE charg\u00e9e\n            <br \/>H\u00e4lg Group St-Gall<\/p>\n        <p class=\"employee-contact\"><a href=\"tel:+41 71 243 39 80 \">+41 71 243 39 80 <\/a><br \/><a href=\"mailto:tamara.bosshard@haelg.ch\">tamara.bosshard@haelg.ch<\/a><\/p>\n<\/div>\n<figure class=\"wp-block-media-text__media\" style=\"background-image:url(https:\/\/haelg.ch\/app\/uploads\/2025\/12\/bosshard-tamara-haelg-group_1200x1200.jpg);background-position:50% 50%\"><img decoding=\"async\" loading=\"lazy\" loading=\"lazy\" src=\"https:\/\/haelg.ch\/app\/uploads\/2025\/12\/bosshard-tamara-haelg-group_1200x1200.jpg\" alt=\"Tamara Bosshard, H\u00e4lg Group\" class=\"size-full\"\/><\/figure><\/div>\n<!-- \/wp:media-text -->\n        <\/div>\n\n\n\n<div class=\"wp-block-media-text has-media-on-the-right is-stacked-on-mobile is-image-fill-element has-background-color has-secondary-background-color has-text-color has-background has-link-color wp-elements-473efa44c022cd283e66e2f54b59e77f\"><div class=\"wp-block-media-text__content\">\n<h2 class=\"wp-block-heading\">En savoir plus<\/h2>\n\n\n\n<div class=\"wp-block-buttons is-style-list is-layout-flex wp-block-buttons-is-layout-flex\">\n<div class=\"wp-block-button is-style-outline is-style-outline--1\"><a class=\"wp-block-button__link wp-element-button\" href=\"https:\/\/haelg.ch\/fr\/entreprise\/nous-vivons-la-responsabilite\/\">Nous vivons la responsabilit\u00e9<\/a><\/div>\n\n\n\n<div class=\"wp-block-button\"><a class=\"wp-block-button__link wp-element-button\" href=\"https:\/\/haelg.ch\/fr\/entreprise\/nous-vivons-la-responsabilite\/responsabilite-ecologique\/\">Responsabilit\u00e9 \u00e9cologique<\/a><\/div>\n<\/div>\n<\/div><figure class=\"wp-block-media-text__media\"><img decoding=\"async\" width=\"1024\" height=\"683\" loading=\"lazy\" src=\"https:\/\/haelg.ch\/app\/uploads\/2024\/11\/suurstoffi-haelg-group_1800x1200-1024x683.jpg\" alt=\"\u00d6kologische Verantwortung der H\u00e4lg Group\" class=\"wp-image-46503 size-full\" style=\"object-position:50% 50%\" srcset=\"https:\/\/haelg.ch\/app\/uploads\/2024\/11\/suurstoffi-haelg-group_1800x1200-1024x683.jpg 1024w, https:\/\/haelg.ch\/app\/uploads\/2024\/11\/suurstoffi-haelg-group_1800x1200-300x200.jpg 300w, https:\/\/haelg.ch\/app\/uploads\/2024\/11\/suurstoffi-haelg-group_1800x1200-768x512.jpg 768w, https:\/\/haelg.ch\/app\/uploads\/2024\/11\/suurstoffi-haelg-group_1800x1200-1536x1024.jpg 1536w, https:\/\/haelg.ch\/app\/uploads\/2024\/11\/suurstoffi-haelg-group_1800x1200.jpg 1620w\" sizes=\"auto, (max-width: 1024px) 100vw, 1024px\" \/><\/figure><\/div>\n\n\n\n<p><\/p>\n","protected":false},"excerpt":{"rendered":"<p>La protection climatique s\u2019appuie sur les connaissances et la responsabilit\u00e9. Pour nous, cela signifie: cr\u00e9er une base claire avant de formuler des objectifs ambitieux. C\u2019est pourquoi nous avons \u00e9tabli pour la premi\u00e8re fois un bilan CO\u2082 complet. Cela nous permet d\u2019appliquer des mesures concr\u00e8tes, sans lancer des promesses dans le vent. Pour nous, la durabilit\u00e9 [&hellip;]<\/p>\n","protected":false},"author":2,"featured_media":152327,"comment_status":"closed","ping_status":"closed","sticky":false,"template":"","format":"standard","meta":{"_acf_changed":false,"inline_featured_image":false,"footnotes":""},"categories":[364],"tags":[],"class_list":["post-152332","post","type-post","status-publish","format-standard","has-post-thumbnail","hentry","category-durabilite"],"acf":[],"yoast_head":"<!-- This site is optimized with the Yoast SEO plugin v27.3 - https:\/\/yoast.com\/product\/yoast-seo-wordpress\/ -->\n<title>Notre trajectoire de r\u00e9duction des \u00e9missions de CO\u2082 | H\u00e4lg Group<\/title>\n<meta name=\"description\" content=\"La protection climatique a besoin d\u2019objectifs clairs: avec ce premier bilan CO\u2082, nous \u00e9tablissons une solide base pour de vrais objectifs climatiques et une trajectoire de r\u00e9duction transparente.\" \/>\n<meta name=\"robots\" content=\"index, follow, max-snippet:-1, max-image-preview:large, max-video-preview:-1\" \/>\n<link rel=\"canonical\" href=\"https:\/\/haelg.ch\/fr\/blog\/des-objectifs-climatiques-solides-notre-trajectoire-de-reduction-des-emissions-de-co%e2%82%82\/\" \/>\n<meta property=\"og:locale\" content=\"fr_FR\" \/>\n<meta property=\"og:type\" content=\"article\" \/>\n<meta property=\"og:title\" content=\"Notre trajectoire de r\u00e9duction des \u00e9missions de CO\u2082 | H\u00e4lg Group\" \/>\n<meta property=\"og:description\" content=\"La protection climatique a besoin d\u2019objectifs clairs: avec ce premier bilan CO\u2082, nous \u00e9tablissons une solide base pour de vrais objectifs climatiques et une trajectoire de r\u00e9duction transparente.\" \/>\n<meta property=\"og:url\" content=\"https:\/\/haelg.ch\/fr\/blog\/des-objectifs-climatiques-solides-notre-trajectoire-de-reduction-des-emissions-de-co%e2%82%82\/\" \/>\n<meta property=\"og:site_name\" content=\"H\u00e4lg Group\" \/>\n<meta property=\"article:publisher\" content=\"https:\/\/www.facebook.com\/haelg.ch\" \/>\n<meta property=\"article:published_time\" content=\"2025-10-09T05:33:47+00:00\" \/>\n<meta property=\"article:modified_time\" content=\"2025-11-06T15:43:26+00:00\" \/>\n<meta property=\"og:image\" content=\"https:\/\/haelg.ch\/app\/uploads\/2025\/10\/telli-aarau-20221129-32-haelg-group_2400x2400-1024x1024.jpg\" \/>\n\t<meta property=\"og:image:width\" content=\"1024\" \/>\n\t<meta property=\"og:image:height\" content=\"1024\" \/>\n\t<meta property=\"og:image:type\" content=\"image\/jpeg\" \/>\n<meta name=\"author\" content=\"Tamara Bosshard\" \/>\n<meta name=\"twitter:card\" content=\"summary_large_image\" \/>\n<meta name=\"twitter:label1\" content=\"\u00c9crit par\" \/>\n\t<meta name=\"twitter:data1\" content=\"Tamara Bosshard\" \/>\n\t<meta name=\"twitter:label2\" content=\"Dur\u00e9e de lecture estim\u00e9e\" \/>\n\t<meta name=\"twitter:data2\" content=\"3 minutes\" \/>\n<script type=\"application\/ld+json\" class=\"yoast-schema-graph\">{\"@context\":\"https:\\\/\\\/schema.org\",\"@graph\":[{\"@type\":\"Article\",\"@id\":\"https:\\\/\\\/haelg.ch\\\/fr\\\/blog\\\/des-objectifs-climatiques-solides-notre-trajectoire-de-reduction-des-emissions-de-co%e2%82%82\\\/#article\",\"isPartOf\":{\"@id\":\"https:\\\/\\\/haelg.ch\\\/fr\\\/blog\\\/des-objectifs-climatiques-solides-notre-trajectoire-de-reduction-des-emissions-de-co%e2%82%82\\\/\"},\"author\":{\"name\":\"Tamara Bosshard\",\"@id\":\"https:\\\/\\\/haelg.ch\\\/fr\\\/#\\\/schema\\\/person\\\/8e9dd4048212292089ad3d4bc290cb1e\"},\"headline\":\"Des objectifs climatiques solides: notre trajectoire de r\u00e9duction des \u00e9missions de CO\u2082\",\"datePublished\":\"2025-10-09T05:33:47+00:00\",\"dateModified\":\"2025-11-06T15:43:26+00:00\",\"mainEntityOfPage\":{\"@id\":\"https:\\\/\\\/haelg.ch\\\/fr\\\/blog\\\/des-objectifs-climatiques-solides-notre-trajectoire-de-reduction-des-emissions-de-co%e2%82%82\\\/\"},\"wordCount\":501,\"publisher\":{\"@id\":\"https:\\\/\\\/haelg.ch\\\/fr\\\/#organization\"},\"image\":{\"@id\":\"https:\\\/\\\/haelg.ch\\\/fr\\\/blog\\\/des-objectifs-climatiques-solides-notre-trajectoire-de-reduction-des-emissions-de-co%e2%82%82\\\/#primaryimage\"},\"thumbnailUrl\":\"https:\\\/\\\/haelg.ch\\\/app\\\/uploads\\\/2025\\\/10\\\/telli-aarau-20221129-32-haelg-group_2400x2400.jpg\",\"articleSection\":[\"Durabilit\u00e9\"],\"inLanguage\":\"fr-FR\"},{\"@type\":\"WebPage\",\"@id\":\"https:\\\/\\\/haelg.ch\\\/fr\\\/blog\\\/des-objectifs-climatiques-solides-notre-trajectoire-de-reduction-des-emissions-de-co%e2%82%82\\\/\",\"url\":\"https:\\\/\\\/haelg.ch\\\/fr\\\/blog\\\/des-objectifs-climatiques-solides-notre-trajectoire-de-reduction-des-emissions-de-co%e2%82%82\\\/\",\"name\":\"Notre trajectoire de r\u00e9duction des \u00e9missions de CO\u2082 | H\u00e4lg Group\",\"isPartOf\":{\"@id\":\"https:\\\/\\\/haelg.ch\\\/fr\\\/#website\"},\"primaryImageOfPage\":{\"@id\":\"https:\\\/\\\/haelg.ch\\\/fr\\\/blog\\\/des-objectifs-climatiques-solides-notre-trajectoire-de-reduction-des-emissions-de-co%e2%82%82\\\/#primaryimage\"},\"image\":{\"@id\":\"https:\\\/\\\/haelg.ch\\\/fr\\\/blog\\\/des-objectifs-climatiques-solides-notre-trajectoire-de-reduction-des-emissions-de-co%e2%82%82\\\/#primaryimage\"},\"thumbnailUrl\":\"https:\\\/\\\/haelg.ch\\\/app\\\/uploads\\\/2025\\\/10\\\/telli-aarau-20221129-32-haelg-group_2400x2400.jpg\",\"datePublished\":\"2025-10-09T05:33:47+00:00\",\"dateModified\":\"2025-11-06T15:43:26+00:00\",\"description\":\"La protection climatique a besoin d\u2019objectifs clairs: avec ce premier bilan CO\u2082, nous \u00e9tablissons une solide base pour de vrais objectifs climatiques et une trajectoire de r\u00e9duction transparente.\",\"breadcrumb\":{\"@id\":\"https:\\\/\\\/haelg.ch\\\/fr\\\/blog\\\/des-objectifs-climatiques-solides-notre-trajectoire-de-reduction-des-emissions-de-co%e2%82%82\\\/#breadcrumb\"},\"inLanguage\":\"fr-FR\",\"potentialAction\":[{\"@type\":\"ReadAction\",\"target\":[\"https:\\\/\\\/haelg.ch\\\/fr\\\/blog\\\/des-objectifs-climatiques-solides-notre-trajectoire-de-reduction-des-emissions-de-co%e2%82%82\\\/\"]}]},{\"@type\":\"ImageObject\",\"inLanguage\":\"fr-FR\",\"@id\":\"https:\\\/\\\/haelg.ch\\\/fr\\\/blog\\\/des-objectifs-climatiques-solides-notre-trajectoire-de-reduction-des-emissions-de-co%e2%82%82\\\/#primaryimage\",\"url\":\"https:\\\/\\\/haelg.ch\\\/app\\\/uploads\\\/2025\\\/10\\\/telli-aarau-20221129-32-haelg-group_2400x2400.jpg\",\"contentUrl\":\"https:\\\/\\\/haelg.ch\\\/app\\\/uploads\\\/2025\\\/10\\\/telli-aarau-20221129-32-haelg-group_2400x2400.jpg\",\"width\":2400,\"height\":2400,\"caption\":\"Telli Aarau\"},{\"@type\":\"BreadcrumbList\",\"@id\":\"https:\\\/\\\/haelg.ch\\\/fr\\\/blog\\\/des-objectifs-climatiques-solides-notre-trajectoire-de-reduction-des-emissions-de-co%e2%82%82\\\/#breadcrumb\",\"itemListElement\":[{\"@type\":\"ListItem\",\"position\":1,\"name\":\"Accueil\",\"item\":\"https:\\\/\\\/haelg.ch\\\/fr\\\/\"},{\"@type\":\"ListItem\",\"position\":2,\"name\":\"Des objectifs climatiques solides: notre trajectoire de r\u00e9duction des \u00e9missions de CO\u2082\"}]},{\"@type\":\"WebSite\",\"@id\":\"https:\\\/\\\/haelg.ch\\\/fr\\\/#website\",\"url\":\"https:\\\/\\\/haelg.ch\\\/fr\\\/\",\"name\":\"H\u00e4lg Group\",\"description\":\"\",\"publisher\":{\"@id\":\"https:\\\/\\\/haelg.ch\\\/fr\\\/#organization\"},\"potentialAction\":[{\"@type\":\"SearchAction\",\"target\":{\"@type\":\"EntryPoint\",\"urlTemplate\":\"https:\\\/\\\/haelg.ch\\\/fr\\\/?s={search_term_string}\"},\"query-input\":{\"@type\":\"PropertyValueSpecification\",\"valueRequired\":true,\"valueName\":\"search_term_string\"}}],\"inLanguage\":\"fr-FR\"},{\"@type\":\"Organization\",\"@id\":\"https:\\\/\\\/haelg.ch\\\/fr\\\/#organization\",\"name\":\"H\u00e4lg Group\",\"url\":\"https:\\\/\\\/haelg.ch\\\/fr\\\/\",\"logo\":{\"@type\":\"ImageObject\",\"inLanguage\":\"fr-FR\",\"@id\":\"https:\\\/\\\/haelg.ch\\\/fr\\\/#\\\/schema\\\/logo\\\/image\\\/\",\"url\":\"https:\\\/\\\/haelg.ch\\\/app\\\/uploads\\\/2025\\\/01\\\/haelg-group-logo_1800x1200.jpg\",\"contentUrl\":\"https:\\\/\\\/haelg.ch\\\/app\\\/uploads\\\/2025\\\/01\\\/haelg-group-logo_1800x1200.jpg\",\"width\":1620,\"height\":1080,\"caption\":\"H\u00e4lg Group\"},\"image\":{\"@id\":\"https:\\\/\\\/haelg.ch\\\/fr\\\/#\\\/schema\\\/logo\\\/image\\\/\"},\"sameAs\":[\"https:\\\/\\\/www.facebook.com\\\/haelg.ch\",\"https:\\\/\\\/www.linkedin.com\\\/company\\\/haelggroup\\\/\",\"https:\\\/\\\/www.instagram.com\\\/haelg.group\\\/\",\"https:\\\/\\\/www.youtube.com\\\/channel\\\/UCCP6yzfvj3o6gA9J5L0QJCg\\\/videos\",\"https:\\\/\\\/www.kununu.com\\\/ch\\\/haelg-group\"]},{\"@type\":\"Person\",\"@id\":\"https:\\\/\\\/haelg.ch\\\/fr\\\/#\\\/schema\\\/person\\\/8e9dd4048212292089ad3d4bc290cb1e\",\"name\":\"Tamara Bosshard\",\"image\":{\"@type\":\"ImageObject\",\"inLanguage\":\"fr-FR\",\"@id\":\"https:\\\/\\\/secure.gravatar.com\\\/avatar\\\/aa9ee86279660707389f9d639560758e09aa3d6a5918288457dcaa0ed931a42d?s=96&d=mm&r=g\",\"url\":\"https:\\\/\\\/secure.gravatar.com\\\/avatar\\\/aa9ee86279660707389f9d639560758e09aa3d6a5918288457dcaa0ed931a42d?s=96&d=mm&r=g\",\"contentUrl\":\"https:\\\/\\\/secure.gravatar.com\\\/avatar\\\/aa9ee86279660707389f9d639560758e09aa3d6a5918288457dcaa0ed931a42d?s=96&d=mm&r=g\",\"caption\":\"Tamara Bosshard\"}}]}<\/script>\n<!-- \/ Yoast SEO plugin. -->","yoast_head_json":{"title":"Notre trajectoire de r\u00e9duction des \u00e9missions de CO\u2082 | H\u00e4lg Group","description":"La protection climatique a besoin d\u2019objectifs clairs: avec ce premier bilan CO\u2082, nous \u00e9tablissons une solide base pour de vrais objectifs climatiques et une trajectoire de r\u00e9duction transparente.","robots":{"index":"index","follow":"follow","max-snippet":"max-snippet:-1","max-image-preview":"max-image-preview:large","max-video-preview":"max-video-preview:-1"},"canonical":"https:\/\/haelg.ch\/fr\/blog\/des-objectifs-climatiques-solides-notre-trajectoire-de-reduction-des-emissions-de-co%e2%82%82\/","og_locale":"fr_FR","og_type":"article","og_title":"Notre trajectoire de r\u00e9duction des \u00e9missions de CO\u2082 | H\u00e4lg Group","og_description":"La protection climatique a besoin d\u2019objectifs clairs: avec ce premier bilan CO\u2082, nous \u00e9tablissons une solide base pour de vrais objectifs climatiques et une trajectoire de r\u00e9duction transparente.","og_url":"https:\/\/haelg.ch\/fr\/blog\/des-objectifs-climatiques-solides-notre-trajectoire-de-reduction-des-emissions-de-co%e2%82%82\/","og_site_name":"H\u00e4lg Group","article_publisher":"https:\/\/www.facebook.com\/haelg.ch","article_published_time":"2025-10-09T05:33:47+00:00","article_modified_time":"2025-11-06T15:43:26+00:00","og_image":[{"width":1024,"height":1024,"url":"https:\/\/haelg.ch\/app\/uploads\/2025\/10\/telli-aarau-20221129-32-haelg-group_2400x2400-1024x1024.jpg","type":"image\/jpeg"}],"author":"Tamara Bosshard","twitter_card":"summary_large_image","twitter_misc":{"\u00c9crit par":"Tamara Bosshard","Dur\u00e9e de lecture estim\u00e9e":"3 minutes"},"schema":{"@context":"https:\/\/schema.org","@graph":[{"@type":"Article","@id":"https:\/\/haelg.ch\/fr\/blog\/des-objectifs-climatiques-solides-notre-trajectoire-de-reduction-des-emissions-de-co%e2%82%82\/#article","isPartOf":{"@id":"https:\/\/haelg.ch\/fr\/blog\/des-objectifs-climatiques-solides-notre-trajectoire-de-reduction-des-emissions-de-co%e2%82%82\/"},"author":{"name":"Tamara Bosshard","@id":"https:\/\/haelg.ch\/fr\/#\/schema\/person\/8e9dd4048212292089ad3d4bc290cb1e"},"headline":"Des objectifs climatiques solides: notre trajectoire de r\u00e9duction des \u00e9missions de CO\u2082","datePublished":"2025-10-09T05:33:47+00:00","dateModified":"2025-11-06T15:43:26+00:00","mainEntityOfPage":{"@id":"https:\/\/haelg.ch\/fr\/blog\/des-objectifs-climatiques-solides-notre-trajectoire-de-reduction-des-emissions-de-co%e2%82%82\/"},"wordCount":501,"publisher":{"@id":"https:\/\/haelg.ch\/fr\/#organization"},"image":{"@id":"https:\/\/haelg.ch\/fr\/blog\/des-objectifs-climatiques-solides-notre-trajectoire-de-reduction-des-emissions-de-co%e2%82%82\/#primaryimage"},"thumbnailUrl":"https:\/\/haelg.ch\/app\/uploads\/2025\/10\/telli-aarau-20221129-32-haelg-group_2400x2400.jpg","articleSection":["Durabilit\u00e9"],"inLanguage":"fr-FR"},{"@type":"WebPage","@id":"https:\/\/haelg.ch\/fr\/blog\/des-objectifs-climatiques-solides-notre-trajectoire-de-reduction-des-emissions-de-co%e2%82%82\/","url":"https:\/\/haelg.ch\/fr\/blog\/des-objectifs-climatiques-solides-notre-trajectoire-de-reduction-des-emissions-de-co%e2%82%82\/","name":"Notre trajectoire de r\u00e9duction des \u00e9missions de CO\u2082 | H\u00e4lg Group","isPartOf":{"@id":"https:\/\/haelg.ch\/fr\/#website"},"primaryImageOfPage":{"@id":"https:\/\/haelg.ch\/fr\/blog\/des-objectifs-climatiques-solides-notre-trajectoire-de-reduction-des-emissions-de-co%e2%82%82\/#primaryimage"},"image":{"@id":"https:\/\/haelg.ch\/fr\/blog\/des-objectifs-climatiques-solides-notre-trajectoire-de-reduction-des-emissions-de-co%e2%82%82\/#primaryimage"},"thumbnailUrl":"https:\/\/haelg.ch\/app\/uploads\/2025\/10\/telli-aarau-20221129-32-haelg-group_2400x2400.jpg","datePublished":"2025-10-09T05:33:47+00:00","dateModified":"2025-11-06T15:43:26+00:00","description":"La protection climatique a besoin d\u2019objectifs clairs: avec ce premier bilan CO\u2082, nous \u00e9tablissons une solide base pour de vrais objectifs climatiques et une trajectoire de r\u00e9duction transparente.","breadcrumb":{"@id":"https:\/\/haelg.ch\/fr\/blog\/des-objectifs-climatiques-solides-notre-trajectoire-de-reduction-des-emissions-de-co%e2%82%82\/#breadcrumb"},"inLanguage":"fr-FR","potentialAction":[{"@type":"ReadAction","target":["https:\/\/haelg.ch\/fr\/blog\/des-objectifs-climatiques-solides-notre-trajectoire-de-reduction-des-emissions-de-co%e2%82%82\/"]}]},{"@type":"ImageObject","inLanguage":"fr-FR","@id":"https:\/\/haelg.ch\/fr\/blog\/des-objectifs-climatiques-solides-notre-trajectoire-de-reduction-des-emissions-de-co%e2%82%82\/#primaryimage","url":"https:\/\/haelg.ch\/app\/uploads\/2025\/10\/telli-aarau-20221129-32-haelg-group_2400x2400.jpg","contentUrl":"https:\/\/haelg.ch\/app\/uploads\/2025\/10\/telli-aarau-20221129-32-haelg-group_2400x2400.jpg","width":2400,"height":2400,"caption":"Telli Aarau"},{"@type":"BreadcrumbList","@id":"https:\/\/haelg.ch\/fr\/blog\/des-objectifs-climatiques-solides-notre-trajectoire-de-reduction-des-emissions-de-co%e2%82%82\/#breadcrumb","itemListElement":[{"@type":"ListItem","position":1,"name":"Accueil","item":"https:\/\/haelg.ch\/fr\/"},{"@type":"ListItem","position":2,"name":"Des objectifs climatiques solides: notre trajectoire de r\u00e9duction des \u00e9missions de CO\u2082"}]},{"@type":"WebSite","@id":"https:\/\/haelg.ch\/fr\/#website","url":"https:\/\/haelg.ch\/fr\/","name":"H\u00e4lg Group","description":"","publisher":{"@id":"https:\/\/haelg.ch\/fr\/#organization"},"potentialAction":[{"@type":"SearchAction","target":{"@type":"EntryPoint","urlTemplate":"https:\/\/haelg.ch\/fr\/?s={search_term_string}"},"query-input":{"@type":"PropertyValueSpecification","valueRequired":true,"valueName":"search_term_string"}}],"inLanguage":"fr-FR"},{"@type":"Organization","@id":"https:\/\/haelg.ch\/fr\/#organization","name":"H\u00e4lg Group","url":"https:\/\/haelg.ch\/fr\/","logo":{"@type":"ImageObject","inLanguage":"fr-FR","@id":"https:\/\/haelg.ch\/fr\/#\/schema\/logo\/image\/","url":"https:\/\/haelg.ch\/app\/uploads\/2025\/01\/haelg-group-logo_1800x1200.jpg","contentUrl":"https:\/\/haelg.ch\/app\/uploads\/2025\/01\/haelg-group-logo_1800x1200.jpg","width":1620,"height":1080,"caption":"H\u00e4lg Group"},"image":{"@id":"https:\/\/haelg.ch\/fr\/#\/schema\/logo\/image\/"},"sameAs":["https:\/\/www.facebook.com\/haelg.ch","https:\/\/www.linkedin.com\/company\/haelggroup\/","https:\/\/www.instagram.com\/haelg.group\/","https:\/\/www.youtube.com\/channel\/UCCP6yzfvj3o6gA9J5L0QJCg\/videos","https:\/\/www.kununu.com\/ch\/haelg-group"]},{"@type":"Person","@id":"https:\/\/haelg.ch\/fr\/#\/schema\/person\/8e9dd4048212292089ad3d4bc290cb1e","name":"Tamara Bosshard","image":{"@type":"ImageObject","inLanguage":"fr-FR","@id":"https:\/\/secure.gravatar.com\/avatar\/aa9ee86279660707389f9d639560758e09aa3d6a5918288457dcaa0ed931a42d?s=96&d=mm&r=g","url":"https:\/\/secure.gravatar.com\/avatar\/aa9ee86279660707389f9d639560758e09aa3d6a5918288457dcaa0ed931a42d?s=96&d=mm&r=g","contentUrl":"https:\/\/secure.gravatar.com\/avatar\/aa9ee86279660707389f9d639560758e09aa3d6a5918288457dcaa0ed931a42d?s=96&d=mm&r=g","caption":"Tamara Bosshard"}}]}},"_links":{"self":[{"href":"https:\/\/haelg.ch\/fr\/wp-json\/wp\/v2\/posts\/152332","targetHints":{"allow":["GET"]}}],"collection":[{"href":"https:\/\/haelg.ch\/fr\/wp-json\/wp\/v2\/posts"}],"about":[{"href":"https:\/\/haelg.ch\/fr\/wp-json\/wp\/v2\/types\/post"}],"author":[{"embeddable":true,"href":"https:\/\/haelg.ch\/fr\/wp-json\/wp\/v2\/users\/2"}],"replies":[{"embeddable":true,"href":"https:\/\/haelg.ch\/fr\/wp-json\/wp\/v2\/comments?post=152332"}],"version-history":[{"count":10,"href":"https:\/\/haelg.ch\/fr\/wp-json\/wp\/v2\/posts\/152332\/revisions"}],"predecessor-version":[{"id":152939,"href":"https:\/\/haelg.ch\/fr\/wp-json\/wp\/v2\/posts\/152332\/revisions\/152939"}],"wp:featuredmedia":[{"embeddable":true,"href":"https:\/\/haelg.ch\/fr\/wp-json\/wp\/v2\/media\/152327"}],"wp:attachment":[{"href":"https:\/\/haelg.ch\/fr\/wp-json\/wp\/v2\/media?parent=152332"}],"wp:term":[{"taxonomy":"category","embeddable":true,"href":"https:\/\/haelg.ch\/fr\/wp-json\/wp\/v2\/categories?post=152332"},{"taxonomy":"post_tag","embeddable":true,"href":"https:\/\/haelg.ch\/fr\/wp-json\/wp\/v2\/tags?post=152332"}],"curies":[{"name":"wp","href":"https:\/\/api.w.org\/{rel}","templated":true}]}}