{"id":158807,"date":"2025-10-28T06:00:00","date_gmt":"2025-10-28T05:00:00","guid":{"rendered":"https:\/\/haelg.ch\/?p=158807"},"modified":"2025-11-06T16:43:19","modified_gmt":"2025-11-06T15:43:19","slug":"dober-ag-et-halg-group-quand-une-reprise-de-societe-devient-une-source-dopportunite","status":"publish","type":"post","link":"https:\/\/haelg.ch\/fr\/blog\/dober-ag-et-halg-group-quand-une-reprise-de-societe-devient-une-source-dopportunite\/","title":{"rendered":"Dober\u00a0AG et H\u00e4lg Group: quand une reprise de soci\u00e9t\u00e9 devient une source d\u2019opportunit\u00e9"},"content":{"rendered":"\n<div class=\"wp-block-group is-style-shadow is-layout-constrained wp-block-group-is-layout-constrained\">\n<p class=\"has-large-font-size\"><strong><strong><strong><strong>Lors du rachat d\u2019une entreprise, le personnel est confront\u00e9 \u00e0 de nombreuses questions: \u00abQu\u2019adviendra-t-il maintenant? Qu\u2019est-ce qui changera pour moi et pour l\u2019\u00e9quipe?\u00bb. Le personnel de Dober&nbsp;AG est pass\u00e9 par cette phase lorsque H\u00e4lg&nbsp;Group a repris la soci\u00e9t\u00e9 en 2017. Marjan Mataj, aujourd\u2019hui directeur de la succursale, explique comment il a v\u00e9cu cette p\u00e9riode. Il \u00e9voque les opportunit\u00e9s qui en ont r\u00e9sult\u00e9 ainsi que le r\u00f4le d\u00e9cisif d\u2019une communication ouverte et de r\u00e9ponses franches pour aborder le changement avec confiance.<\/strong><\/strong><\/strong><\/strong><\/p>\n\n\n<div class=\"wp-block wp-custom-block-author\"><div class=\"author-name\">Sabine Ritz<\/div><div class=\"author-bio\"><\/div><\/div>\n\n\n<div class=\"wp-block-columns is-layout-flex wp-container-core-columns-is-layout-28f84493 wp-block-columns-is-layout-flex\">\n<div class=\"wp-block-column is-layout-flow wp-block-column-is-layout-flow\">\n<p>Marjan Mataj a d\u00e9but\u00e9 chez <a href=\"https:\/\/haelg.ch\/fr\/offre\/installation\/schlieren\/\">Dober\u00a0AG, \u00e0 Schlieren<\/a>, en 2016. Pour lui, qui r\u00e9sidait pr\u00e8s du lac de Zurich, la vall\u00e9e de la Limmat \u00e9tait \u00e0 l\u2019\u00e9poque une r\u00e9gion inconnue. Mais c\u2019est justement cela qui l\u2019a attir\u00e9. \u00abJ\u2019ai travaill\u00e9 une dizaine d\u2019ann\u00e9es dans l\u2019entreprise qui m\u2019a form\u00e9\u00bb, raconte Marjan. \u00abPendant ce temps, j\u2019ai suivi une formation continue pour obtenir le dipl\u00f4me de technicien ESS et j\u2019ai pu \u00e9tablir un r\u00e9seau pr\u00e9cieux. Je suis entr\u00e9 en contact avec Dober\u00a0AG par l\u2019interm\u00e9diaire d\u2019un coll\u00e8gue de formation. \u00abD\u00e8s le premier entretien, le courant a pass\u00e9\u00bb.<\/p>\n\n\n\n<p>Il a eu l\u2019occasion de d\u00e9marrer dans une entreprise sanitaire bien ancr\u00e9e et, tout de suite aussi, de mettre sur pied un nouveau d\u00e9partement de chauffage. \u00abOn m\u2019a imm\u00e9diatement d\u00e9l\u00e9gu\u00e9 des responsabilit\u00e9s. La marge de man\u0153uvre \u00e9tait grande, et c\u2019est justement ce qui m\u2019a enthousiasm\u00e9.\u00bb<\/p>\n<\/div>\n\n\n\n<div class=\"wp-block-column is-layout-flow wp-block-column-is-layout-flow\">\n<figure class=\"wp-block-image size-full\"><img decoding=\"async\" width=\"1620\" height=\"1080\" loading=\"lazy\" loading=\"lazy\" loading=\"lazy\" loading=\"lazy\" src=\"https:\/\/haelg.ch\/app\/uploads\/2025\/10\/marjan-mataj-niederlassungs-leiter-dober-ag-badumbau_1800x1200.jpg\" alt=\"Marjan Mataj, Niederlassungsleiter der Dober AG in Schlieren in einem von ihm umgebauten Badezimmer.\" class=\"wp-image-157849\" srcset=\"https:\/\/haelg.ch\/app\/uploads\/2025\/10\/marjan-mataj-niederlassungs-leiter-dober-ag-badumbau_1800x1200.jpg 1620w, https:\/\/haelg.ch\/app\/uploads\/2025\/10\/marjan-mataj-niederlassungs-leiter-dober-ag-badumbau_1800x1200-300x200.jpg 300w, https:\/\/haelg.ch\/app\/uploads\/2025\/10\/marjan-mataj-niederlassungs-leiter-dober-ag-badumbau_1800x1200-1024x683.jpg 1024w, https:\/\/haelg.ch\/app\/uploads\/2025\/10\/marjan-mataj-niederlassungs-leiter-dober-ag-badumbau_1800x1200-768x512.jpg 768w, https:\/\/haelg.ch\/app\/uploads\/2025\/10\/marjan-mataj-niederlassungs-leiter-dober-ag-badumbau_1800x1200-1536x1024.jpg 1536w\" sizes=\"auto, (max-width: 1620px) 100vw, 1620px\" \/><figcaption class=\"wp-element-caption\">Marjan fait partie de Dober AG depuis 2016 et est directeur de succursale depuis 2020.<\/figcaption><\/figure>\n<\/div>\n<\/div>\n\n\n\n<blockquote class=\"wp-block-quote is-layout-flow wp-block-quote-is-layout-flow\">\n<p>\u00abGr\u00e2ce \u00e0 la communication ouverte et aux r\u00e9ponses franches, j\u2019ai pu acqu\u00e9rir plus de confiance et trouver mes rep\u00e8res pas \u00e0 pas.\u00bb<\/p>\n<cite><strong>Marjan Mataj, Directeur de la succursale, Dober AG Schlieren<\/strong><\/cite><\/blockquote>\n\n\n\n<div class=\"wp-block-columns is-layout-flex wp-container-core-columns-is-layout-28f84493 wp-block-columns-is-layout-flex\">\n<div class=\"wp-block-column is-layout-flow wp-block-column-is-layout-flow\">\n<h2 class=\"wp-block-heading\"><strong><strong><strong>La reprise comme tremplin<\/strong><\/strong><\/strong><\/h2>\n\n\n\n<p>En 2017, H\u00e4lg&nbsp;Group a rachet\u00e9 Dober&nbsp;AG. Cette information \u00e9tait une surprise pour lui et ses coll\u00e8gues, en particulier parce qu\u2019il venait d\u2019acqu\u00e9rir pour le d\u00e9partement de chauffage la plus grande commande dans l\u2019histoire de l\u2019entreprise. Cette d\u00e9cision a soulev\u00e9 des questions sur l\u2019avenir de la soci\u00e9t\u00e9, de l\u2019\u00e9quipe et sur ses propres perspectives. \u00abC\u2019\u00e9tait une p\u00e9riode pleine d\u2019interrogations, d\u2019incertitudes, mais aussi pleine d\u2019attente et de curiosit\u00e9 exaltantes. Je voulais comprendre ce que l\u2019avenir nous r\u00e9serverait et j\u2019ai commenc\u00e9 \u00e0 \u00e9tudier H\u00e4lg&nbsp;Group en profondeur\u00bb, indique Marjan. Rapidement, il s\u2019est rendu compte que chaque changement recelait \u00e0 la fois des risques et des opportunit\u00e9s. \u00abGr\u00e2ce \u00e0 la communication ouverte et aux r\u00e9ponses franches, j\u2019ai pu acqu\u00e9rir plus de confiance et trouver mes rep\u00e8res pas \u00e0 pas.\u00bb<\/p>\n\n\n\n<figure class=\"wp-block-image alignright size-full is-resized\"><img decoding=\"async\" width=\"1500\" height=\"959\" loading=\"lazy\" loading=\"lazy\" loading=\"lazy\" loading=\"lazy\" src=\"https:\/\/haelg.ch\/app\/uploads\/2020\/03\/dober_fuehrungsteam_mataj_magni_grieder.jpg\" alt=\"Das erg\u00e4nzte F\u00fchrungsteam der Dober AG\" class=\"wp-image-22029\" style=\"width:445px;height:auto\" srcset=\"https:\/\/haelg.ch\/app\/uploads\/2020\/03\/dober_fuehrungsteam_mataj_magni_grieder.jpg 1500w, https:\/\/haelg.ch\/app\/uploads\/2020\/03\/dober_fuehrungsteam_mataj_magni_grieder-300x192.jpg 300w, https:\/\/haelg.ch\/app\/uploads\/2020\/03\/dober_fuehrungsteam_mataj_magni_grieder-1024x655.jpg 1024w, https:\/\/haelg.ch\/app\/uploads\/2020\/03\/dober_fuehrungsteam_mataj_magni_grieder-768x491.jpg 768w\" sizes=\"auto, (max-width: 1500px) 100vw, 1500px\" \/><figcaption class=\"wp-element-caption\">Marjan avec les anciens propri\u00e9taires de Dober AG, Philipp Magni et Urs Grieder.<\/figcaption><\/figure>\n\n\n\n<p>La reprise et le d\u00e9part des propri\u00e9taires pr\u00e9vu pour 2021 ont permis \u00e0 Marjan <a href=\"https:\/\/haelg.ch\/fr\/travailler-chez-nous\/notre-promesse\/\">d\u2019assumer progressivement plus de responsabilit\u00e9s<\/a>. Dans un premier temps, il a dirig\u00e9 pendant pr\u00e8s de deux ans la succursale avec les anciens propri\u00e9taires. Puis, il en a pris les r\u00eanes tout seul. Parall\u00e8lement, il a suivi une formation continue pour devenir \u00e9conomiste d\u2019entreprise FPG dipl\u00f4m\u00e9 ESS et en <a href=\"https:\/\/haelg.ch\/fr\/travailler-chez-nous\/haelg-group-comme-employeur\/perspectives-et-carriere\/\">a accompli diverses autres en interne<\/a>. Marjan estime que cette p\u00e9riode intensive mais tr\u00e8s pr\u00e9cieuse l\u2019a fortement impr\u00e9gn\u00e9 au niveau personnel et professionnel.<\/p>\n<\/div>\n<\/div>\n\n\n\n<div class=\"wp-block-columns is-layout-flex wp-container-core-columns-is-layout-28f84493 wp-block-columns-is-layout-flex\">\n<div class=\"wp-block-column is-layout-flow wp-block-column-is-layout-flow\">\n<h2 class=\"wp-block-heading\"><strong><strong><strong>La coh\u00e9sion et la couleur rouge<\/strong><\/strong><\/strong><\/h2>\n\n\n\n<figure class=\"wp-block-image alignleft size-full is-resized\"><img decoding=\"async\" width=\"1620\" height=\"1080\" loading=\"lazy\" loading=\"lazy\" loading=\"lazy\" loading=\"lazy\" src=\"https:\/\/haelg.ch\/app\/uploads\/2025\/10\/dober-ag-haelg-group-uebernahme-blau-rot_1800x1200.jpg\" alt=\"Mitarbeitende der Dober AG in Schlieren vor der \u00dcbernahme der H\u00e4lg Group in blauer Arbeitskleidung und nach der \u00dcbernahme mit roter Arbeitskleidung.\" class=\"wp-image-157852\" style=\"width:487px;height:auto\" srcset=\"https:\/\/haelg.ch\/app\/uploads\/2025\/10\/dober-ag-haelg-group-uebernahme-blau-rot_1800x1200.jpg 1620w, https:\/\/haelg.ch\/app\/uploads\/2025\/10\/dober-ag-haelg-group-uebernahme-blau-rot_1800x1200-300x200.jpg 300w, https:\/\/haelg.ch\/app\/uploads\/2025\/10\/dober-ag-haelg-group-uebernahme-blau-rot_1800x1200-1024x683.jpg 1024w, https:\/\/haelg.ch\/app\/uploads\/2025\/10\/dober-ag-haelg-group-uebernahme-blau-rot_1800x1200-768x512.jpg 768w, https:\/\/haelg.ch\/app\/uploads\/2025\/10\/dober-ag-haelg-group-uebernahme-blau-rot_1800x1200-1536x1024.jpg 1536w\" sizes=\"auto, (max-width: 1620px) 100vw, 1620px\" \/><figcaption class=\"wp-element-caption\">Du bleu au rouge, m\u00eame pour les v\u00eatements de travail.<\/figcaption><\/figure>\n\n\n\n<p>L\u2019int\u00e9gration dans H\u00e4lg&nbsp;Group signifie pour Marjan avant tout faire partie d\u2019une communaut\u00e9. \u00abOn se sent comme un \u00e9l\u00e9ment d\u2019un plus grand ensemble qui offre de nombreuses possibilit\u00e9s et ressources dont une petite entreprise ne pourrait pas disposer dans cette forme. Les \u00e9changes r\u00e9gionaux et supra r\u00e9gionaux de m\u00eame que le soutien mutuel jouent un r\u00f4le primordial. \u00abCette union fait la diff\u00e9rence.\u00bb<\/p>\n\n\n\n<p>Outre les changements structurels et organisationnels, la reprise a dot\u00e9 Dober&nbsp;AG d\u2019une nouvelle pr\u00e9sentation \u00e0 partir de 2020. Le bleu est devenu rouge, une couleur \u00e0 laquelle Marjan s\u2019identifie compl\u00e8tement aujourd\u2019hui. Pour lui, elle est synonyme de qualit\u00e9, de confiance et de passion, des valeurs qui le portent dans son travail quotidien. \u00abJe vois la couleur rouge partout, dans le logo d\u2019entreprise, sur les v\u00e9hicules et m\u00eame dans mon club de football favori. Elle incarne pour moi avant tout le bon timing, un facteur essentiel dans tous les domaines, que ce soit pr\u00e8s d\u2019un feu tricolore, dans un match ou le travail quotidien.\u00bb<\/p>\n<\/div>\n<\/div>\n\n\n\n<div class=\"wp-block-columns is-layout-flex wp-container-core-columns-is-layout-28f84493 wp-block-columns-is-layout-flex\">\n<div class=\"wp-block-column is-layout-flow wp-block-column-is-layout-flow\">\n<h2 class=\"wp-block-heading\"><strong><strong>Une notori\u00e9t\u00e9 qui d\u00e9passe la r\u00e9gion<\/strong><\/strong><\/h2>\n\n\n\n<figure class=\"wp-block-image alignright size-full is-resized\"><img decoding=\"async\" width=\"1200\" height=\"900\" loading=\"lazy\" loading=\"lazy\" loading=\"lazy\" loading=\"lazy\" src=\"https:\/\/haelg.ch\/app\/uploads\/2025\/10\/badumbau-durch-die-dober-ag-schlieren-haelg-group_1200x1200-edited.jpg\" alt=\"Die Dober AG ist \u00fcber die Region hinaus als Spezialistin f\u00fcr Badumbau und -sanierungen bekannt.\" class=\"wp-image-157858\" style=\"width:445px;height:auto\" srcset=\"https:\/\/haelg.ch\/app\/uploads\/2025\/10\/badumbau-durch-die-dober-ag-schlieren-haelg-group_1200x1200-edited.jpg 1200w, https:\/\/haelg.ch\/app\/uploads\/2025\/10\/badumbau-durch-die-dober-ag-schlieren-haelg-group_1200x1200-edited-300x225.jpg 300w, https:\/\/haelg.ch\/app\/uploads\/2025\/10\/badumbau-durch-die-dober-ag-schlieren-haelg-group_1200x1200-edited-1024x768.jpg 1024w, https:\/\/haelg.ch\/app\/uploads\/2025\/10\/badumbau-durch-die-dober-ag-schlieren-haelg-group_1200x1200-edited-768x576.jpg 768w\" sizes=\"auto, (max-width: 1200px) 100vw, 1200px\" \/><figcaption class=\"wp-element-caption\">Dober AG est connue au-del\u00e0 de la r\u00e9gion, entre autres, comme sp\u00e9cialiste de la r\u00e9novation et de la remise \u00e0 neuf de salles de bains.<\/figcaption><\/figure>\n\n\n\n<p>Initialement installateur local, Dober&nbsp;AG s\u2019est transform\u00e9e en une entreprise \u00e0 structure professionnelle qui est connue bien au-del\u00e0 de la vall\u00e9e de la Limmat, notamment comme transformateur de salle de bains. \u00abLa reprise par H\u00e4lg&nbsp;Group nous a donn\u00e9 des ressources suppl\u00e9mentaires\u00bb, observe Marjan. \u00abCela nous a permis d\u2019am\u00e9liorer de nombreux processus et d\u2019\u00e9tendre de fa\u00e7on cibl\u00e9e notre offre de prestations, sans perdre nos racines.\u00bb<\/p>\n\n\n\n<p>Un tiers de l\u2019\u00e9quipe actuelle est l\u00e0 depuis la cession, une bonne part m\u00eame depuis plus de dix ans. \u00abDe nombreux membres du personnel ont \u00e9volu\u00e9 et pris en charge de nouveaux champs de responsabilit\u00e9. Cela montre que nous encourageons et vivons le d\u00e9veloppement\u00bb. Marjan est particuli\u00e8rement fier de son \u00e9quipe dynamique, au sein de laquelle des collaboratrices et collaborateurs exp\u00e9riment\u00e9s et plus jeunes r\u00e9alisent de grandes choses et entretiennent un excellent climat de travail.<\/p>\n<\/div>\n<\/div>\n\n\n\n<div class=\"wp-block-columns is-layout-flex wp-container-core-columns-is-layout-28f84493 wp-block-columns-is-layout-flex\">\n<div class=\"wp-block-column is-layout-flow wp-block-column-is-layout-flow\">\n<h2 class=\"wp-block-heading\"><strong><strong>Le regard tourn\u00e9 vers l\u2019avant<\/strong><\/strong><\/h2>\n\n\n\n<p>Marjan a des objectifs clairs pour l\u2019avenir: \u00abGarder le cap sur la croissance de Dober&nbsp;AG et sur le renforcement de notre position dans l\u2019activit\u00e9 Assainissement. En m\u00eame temps, je veux stimuler l\u2019\u00e9quipe et aider la nouvelle g\u00e9n\u00e9ration. C\u2019est l\u2019avenir de notre m\u00e9tier.<\/p>\n\n\n\n<figure class=\"wp-block-image alignleft size-full is-resized\"><img decoding=\"async\" width=\"1620\" height=\"1080\" loading=\"lazy\" loading=\"lazy\" loading=\"lazy\" loading=\"lazy\" src=\"https:\/\/haelg.ch\/app\/uploads\/2025\/10\/dober-ag-schlieren-team-am-b2run-haelg-group_1800x1200.jpg\" alt=\"Das Dober AG-Team zeigt Einsatz, auch j\u00e4hrlich am B2run.\" class=\"wp-image-157864\" style=\"width:445px;height:auto\" srcset=\"https:\/\/haelg.ch\/app\/uploads\/2025\/10\/dober-ag-schlieren-team-am-b2run-haelg-group_1800x1200.jpg 1620w, https:\/\/haelg.ch\/app\/uploads\/2025\/10\/dober-ag-schlieren-team-am-b2run-haelg-group_1800x1200-300x200.jpg 300w, https:\/\/haelg.ch\/app\/uploads\/2025\/10\/dober-ag-schlieren-team-am-b2run-haelg-group_1800x1200-1024x683.jpg 1024w, https:\/\/haelg.ch\/app\/uploads\/2025\/10\/dober-ag-schlieren-team-am-b2run-haelg-group_1800x1200-768x512.jpg 768w, https:\/\/haelg.ch\/app\/uploads\/2025\/10\/dober-ag-schlieren-team-am-b2run-haelg-group_1800x1200-1536x1024.jpg 1536w\" sizes=\"auto, (max-width: 1620px) 100vw, 1620px\" \/><figcaption class=\"wp-element-caption\">L&rsquo;\u00e9quipe Dober AG fait preuve d&rsquo;engagement, notamment chaque ann\u00e9e lors du B2run.<\/figcaption><\/figure>\n\n\n\n<p>Aujourd\u2019hui, Dober&nbsp;AG est une communaut\u00e9 forte. \u00abNous avons acquis de nouvelles possibilit\u00e9s sans nous perdre. Chaque changement offre de nouvelles perspectives, pour l\u2019entreprise, pour l\u2019\u00e9quipe et pour la client\u00e8le.\u00bb<\/p>\n<\/div>\n<\/div>\n<\/div>\n\n\n\n<div class=\"wp-block-media-text has-media-on-the-right is-stacked-on-mobile is-image-fill-element has-background-color has-secondary-background-color has-text-color has-background has-link-color wp-elements-d50dc1da9b99ae799facecaa32ebb3c7\"><div class=\"wp-block-media-text__content\">\n<h2 class=\"wp-block-heading\">Plus d&rsquo;informations<\/h2>\n\n\n\n<div class=\"wp-block-buttons is-style-list is-layout-flex wp-block-buttons-is-layout-flex\">\n<div class=\"wp-block-button is-style-outline is-style-outline--1\"><a class=\"wp-block-button__link wp-element-button\" href=\"https:\/\/haelg.ch\/fr\/offre\/installation\/schlieren\/\">Dober AG \u00e0 Schlieren<\/a><\/div>\n\n\n\n<div class=\"wp-block-button\"><a class=\"wp-block-button__link wp-element-button\" href=\"https:\/\/haelg.ch\/fr\/travailler-chez-nous\/postes-vacants\/\">Postes vacants<\/a><\/div>\n\n\n\n<div class=\"wp-block-button is-style-outline is-style-outline--2\"><a class=\"wp-block-button__link wp-element-button\" href=\"https:\/\/haelg.ch\/fr\/travailler-chez-nous\/notre-promesse\/\">Notre promesse<\/a><\/div>\n\n\n\n<div class=\"wp-block-button\"><a class=\"wp-block-button__link wp-element-button\" href=\"https:\/\/haelg.ch\/fr\/entreprise\/histoire\/\">Histoire du H\u00e4lg Group<\/a><\/div>\n<\/div>\n<\/div><figure class=\"wp-block-media-text__media\"><img decoding=\"async\" width=\"1024\" height=\"768\" loading=\"lazy\" src=\"https:\/\/haelg.ch\/app\/uploads\/2025\/10\/standort-dober-ag-in-schlieren-haelg-group_1600x1200-1024x768.jpg\" alt=\"Standort der Dober AG in Schlieren.\" class=\"wp-image-157845 size-full\" style=\"object-position:50% 50%\" srcset=\"https:\/\/haelg.ch\/app\/uploads\/2025\/10\/standort-dober-ag-in-schlieren-haelg-group_1600x1200-1024x768.jpg 1024w, https:\/\/haelg.ch\/app\/uploads\/2025\/10\/standort-dober-ag-in-schlieren-haelg-group_1600x1200-300x225.jpg 300w, https:\/\/haelg.ch\/app\/uploads\/2025\/10\/standort-dober-ag-in-schlieren-haelg-group_1600x1200-768x576.jpg 768w, https:\/\/haelg.ch\/app\/uploads\/2025\/10\/standort-dober-ag-in-schlieren-haelg-group_1600x1200-1536x1152.jpg 1536w, https:\/\/haelg.ch\/app\/uploads\/2025\/10\/standort-dober-ag-in-schlieren-haelg-group_1600x1200.jpg 1600w\" sizes=\"auto, (max-width: 1024px) 100vw, 1024px\" \/><\/figure><\/div>\n\n\n\n<p><\/p>\n","protected":false},"excerpt":{"rendered":"<p>Lors du rachat d\u2019une entreprise, le personnel est confront\u00e9 \u00e0 de nombreuses questions: \u00abQu\u2019adviendra-t-il maintenant? Qu\u2019est-ce qui changera pour moi et pour l\u2019\u00e9quipe?\u00bb. Le personnel de Dober&nbsp;AG est pass\u00e9 par cette phase lorsque H\u00e4lg&nbsp;Group a repris la soci\u00e9t\u00e9 en 2017. Marjan Mataj, aujourd\u2019hui directeur de la succursale, explique comment il a v\u00e9cu cette p\u00e9riode. Il [&hellip;]<\/p>\n","protected":false},"author":3,"featured_media":157875,"comment_status":"closed","ping_status":"closed","sticky":false,"template":"","format":"standard","meta":{"_acf_changed":false,"inline_featured_image":false,"footnotes":""},"categories":[363,362],"tags":[],"class_list":["post-158807","post","type-post","status-publish","format-standard","has-post-thumbnail","hentry","category-focus-sur-les-collaborateurs","category-haelg-group-comme-employeur"],"acf":[],"yoast_head":"<!-- This site is optimized with the Yoast SEO plugin v27.3 - https:\/\/yoast.com\/product\/yoast-seo-wordpress\/ -->\n<title>Quand une reprise de soci\u00e9t\u00e9 devient une source d\u2019opportunit\u00e9<\/title>\n<meta name=\"description\" content=\"H\u00e4lg Group a rachet\u00e9 Dober AG en 2017. Marjan Mataj explique comment il a v\u00e9cu cette p\u00e9riode et \u00e9voque les opportunit\u00e9s qui en ont r\u00e9sult\u00e9.\" \/>\n<meta name=\"robots\" content=\"index, follow, max-snippet:-1, max-image-preview:large, max-video-preview:-1\" \/>\n<link rel=\"canonical\" href=\"https:\/\/haelg.ch\/fr\/blog\/dober-ag-et-halg-group-quand-une-reprise-de-societe-devient-une-source-dopportunite\/\" \/>\n<meta property=\"og:locale\" content=\"fr_FR\" \/>\n<meta property=\"og:type\" content=\"article\" \/>\n<meta property=\"og:title\" content=\"Quand une reprise de soci\u00e9t\u00e9 devient une source d\u2019opportunit\u00e9\" \/>\n<meta property=\"og:description\" content=\"H\u00e4lg Group a rachet\u00e9 Dober AG en 2017. Marjan Mataj explique comment il a v\u00e9cu cette p\u00e9riode et \u00e9voque les opportunit\u00e9s qui en ont r\u00e9sult\u00e9.\" \/>\n<meta property=\"og:url\" content=\"https:\/\/haelg.ch\/fr\/blog\/dober-ag-et-halg-group-quand-une-reprise-de-societe-devient-une-source-dopportunite\/\" \/>\n<meta property=\"og:site_name\" content=\"H\u00e4lg Group\" \/>\n<meta property=\"article:publisher\" content=\"https:\/\/www.facebook.com\/haelg.ch\" \/>\n<meta property=\"article:published_time\" content=\"2025-10-28T05:00:00+00:00\" \/>\n<meta property=\"article:modified_time\" content=\"2025-11-06T15:43:19+00:00\" \/>\n<meta property=\"og:image\" content=\"https:\/\/haelg.ch\/app\/uploads\/2025\/10\/marjan-mataj-niederlassungsleiter-dober-ag-schlieren_2400x2400.jpg\" \/>\n\t<meta property=\"og:image:width\" content=\"2400\" \/>\n\t<meta property=\"og:image:height\" content=\"2400\" \/>\n\t<meta property=\"og:image:type\" content=\"image\/jpeg\" \/>\n<meta name=\"author\" content=\"Sabine Ritz\" \/>\n<meta name=\"twitter:card\" content=\"summary_large_image\" \/>\n<meta name=\"twitter:label1\" content=\"\u00c9crit par\" \/>\n\t<meta name=\"twitter:data1\" content=\"Sabine Ritz\" \/>\n\t<meta name=\"twitter:label2\" content=\"Dur\u00e9e de lecture estim\u00e9e\" \/>\n\t<meta name=\"twitter:data2\" content=\"7 minutes\" \/>\n<script type=\"application\/ld+json\" class=\"yoast-schema-graph\">{\"@context\":\"https:\\\/\\\/schema.org\",\"@graph\":[{\"@type\":\"Article\",\"@id\":\"https:\\\/\\\/haelg.ch\\\/fr\\\/blog\\\/dober-ag-et-halg-group-quand-une-reprise-de-societe-devient-une-source-dopportunite\\\/#article\",\"isPartOf\":{\"@id\":\"https:\\\/\\\/haelg.ch\\\/fr\\\/blog\\\/dober-ag-et-halg-group-quand-une-reprise-de-societe-devient-une-source-dopportunite\\\/\"},\"author\":{\"name\":\"Sabine Ritz\",\"@id\":\"https:\\\/\\\/haelg.ch\\\/fr\\\/#\\\/schema\\\/person\\\/39b5eb7d95fc9ee13b4befde532a0f35\"},\"headline\":\"Dober\u00a0AG et H\u00e4lg Group: quand une reprise de soci\u00e9t\u00e9 devient une source d\u2019opportunit\u00e9\",\"datePublished\":\"2025-10-28T05:00:00+00:00\",\"dateModified\":\"2025-11-06T15:43:19+00:00\",\"mainEntityOfPage\":{\"@id\":\"https:\\\/\\\/haelg.ch\\\/fr\\\/blog\\\/dober-ag-et-halg-group-quand-une-reprise-de-societe-devient-une-source-dopportunite\\\/\"},\"wordCount\":1128,\"publisher\":{\"@id\":\"https:\\\/\\\/haelg.ch\\\/fr\\\/#organization\"},\"image\":{\"@id\":\"https:\\\/\\\/haelg.ch\\\/fr\\\/blog\\\/dober-ag-et-halg-group-quand-une-reprise-de-societe-devient-une-source-dopportunite\\\/#primaryimage\"},\"thumbnailUrl\":\"https:\\\/\\\/haelg.ch\\\/app\\\/uploads\\\/2025\\\/10\\\/marjan-mataj-niederlassungsleiter-dober-ag-schlieren_2400x2400.jpg\",\"articleSection\":[\"Focus sur les collaborateurs\",\"H\u00e4lg Group comme employeur\"],\"inLanguage\":\"fr-FR\"},{\"@type\":\"WebPage\",\"@id\":\"https:\\\/\\\/haelg.ch\\\/fr\\\/blog\\\/dober-ag-et-halg-group-quand-une-reprise-de-societe-devient-une-source-dopportunite\\\/\",\"url\":\"https:\\\/\\\/haelg.ch\\\/fr\\\/blog\\\/dober-ag-et-halg-group-quand-une-reprise-de-societe-devient-une-source-dopportunite\\\/\",\"name\":\"Quand une reprise de soci\u00e9t\u00e9 devient une source d\u2019opportunit\u00e9\",\"isPartOf\":{\"@id\":\"https:\\\/\\\/haelg.ch\\\/fr\\\/#website\"},\"primaryImageOfPage\":{\"@id\":\"https:\\\/\\\/haelg.ch\\\/fr\\\/blog\\\/dober-ag-et-halg-group-quand-une-reprise-de-societe-devient-une-source-dopportunite\\\/#primaryimage\"},\"image\":{\"@id\":\"https:\\\/\\\/haelg.ch\\\/fr\\\/blog\\\/dober-ag-et-halg-group-quand-une-reprise-de-societe-devient-une-source-dopportunite\\\/#primaryimage\"},\"thumbnailUrl\":\"https:\\\/\\\/haelg.ch\\\/app\\\/uploads\\\/2025\\\/10\\\/marjan-mataj-niederlassungsleiter-dober-ag-schlieren_2400x2400.jpg\",\"datePublished\":\"2025-10-28T05:00:00+00:00\",\"dateModified\":\"2025-11-06T15:43:19+00:00\",\"description\":\"H\u00e4lg Group a rachet\u00e9 Dober AG en 2017. Marjan Mataj explique comment il a v\u00e9cu cette p\u00e9riode et \u00e9voque les opportunit\u00e9s qui en ont r\u00e9sult\u00e9.\",\"breadcrumb\":{\"@id\":\"https:\\\/\\\/haelg.ch\\\/fr\\\/blog\\\/dober-ag-et-halg-group-quand-une-reprise-de-societe-devient-une-source-dopportunite\\\/#breadcrumb\"},\"inLanguage\":\"fr-FR\",\"potentialAction\":[{\"@type\":\"ReadAction\",\"target\":[\"https:\\\/\\\/haelg.ch\\\/fr\\\/blog\\\/dober-ag-et-halg-group-quand-une-reprise-de-societe-devient-une-source-dopportunite\\\/\"]}]},{\"@type\":\"ImageObject\",\"inLanguage\":\"fr-FR\",\"@id\":\"https:\\\/\\\/haelg.ch\\\/fr\\\/blog\\\/dober-ag-et-halg-group-quand-une-reprise-de-societe-devient-une-source-dopportunite\\\/#primaryimage\",\"url\":\"https:\\\/\\\/haelg.ch\\\/app\\\/uploads\\\/2025\\\/10\\\/marjan-mataj-niederlassungsleiter-dober-ag-schlieren_2400x2400.jpg\",\"contentUrl\":\"https:\\\/\\\/haelg.ch\\\/app\\\/uploads\\\/2025\\\/10\\\/marjan-mataj-niederlassungsleiter-dober-ag-schlieren_2400x2400.jpg\",\"width\":2400,\"height\":2400,\"caption\":\"Marjan Mataj, Niederlassungsleiter der Dober AG in Schlieren.\"},{\"@type\":\"BreadcrumbList\",\"@id\":\"https:\\\/\\\/haelg.ch\\\/fr\\\/blog\\\/dober-ag-et-halg-group-quand-une-reprise-de-societe-devient-une-source-dopportunite\\\/#breadcrumb\",\"itemListElement\":[{\"@type\":\"ListItem\",\"position\":1,\"name\":\"Accueil\",\"item\":\"https:\\\/\\\/haelg.ch\\\/fr\\\/\"},{\"@type\":\"ListItem\",\"position\":2,\"name\":\"Dober\u00a0AG et H\u00e4lg Group: quand une reprise de soci\u00e9t\u00e9 devient une source d\u2019opportunit\u00e9\"}]},{\"@type\":\"WebSite\",\"@id\":\"https:\\\/\\\/haelg.ch\\\/fr\\\/#website\",\"url\":\"https:\\\/\\\/haelg.ch\\\/fr\\\/\",\"name\":\"H\u00e4lg Group\",\"description\":\"\",\"publisher\":{\"@id\":\"https:\\\/\\\/haelg.ch\\\/fr\\\/#organization\"},\"potentialAction\":[{\"@type\":\"SearchAction\",\"target\":{\"@type\":\"EntryPoint\",\"urlTemplate\":\"https:\\\/\\\/haelg.ch\\\/fr\\\/?s={search_term_string}\"},\"query-input\":{\"@type\":\"PropertyValueSpecification\",\"valueRequired\":true,\"valueName\":\"search_term_string\"}}],\"inLanguage\":\"fr-FR\"},{\"@type\":\"Organization\",\"@id\":\"https:\\\/\\\/haelg.ch\\\/fr\\\/#organization\",\"name\":\"H\u00e4lg Group\",\"url\":\"https:\\\/\\\/haelg.ch\\\/fr\\\/\",\"logo\":{\"@type\":\"ImageObject\",\"inLanguage\":\"fr-FR\",\"@id\":\"https:\\\/\\\/haelg.ch\\\/fr\\\/#\\\/schema\\\/logo\\\/image\\\/\",\"url\":\"https:\\\/\\\/haelg.ch\\\/app\\\/uploads\\\/2025\\\/01\\\/haelg-group-logo_1800x1200.jpg\",\"contentUrl\":\"https:\\\/\\\/haelg.ch\\\/app\\\/uploads\\\/2025\\\/01\\\/haelg-group-logo_1800x1200.jpg\",\"width\":1620,\"height\":1080,\"caption\":\"H\u00e4lg Group\"},\"image\":{\"@id\":\"https:\\\/\\\/haelg.ch\\\/fr\\\/#\\\/schema\\\/logo\\\/image\\\/\"},\"sameAs\":[\"https:\\\/\\\/www.facebook.com\\\/haelg.ch\",\"https:\\\/\\\/www.linkedin.com\\\/company\\\/haelggroup\\\/\",\"https:\\\/\\\/www.instagram.com\\\/haelg.group\\\/\",\"https:\\\/\\\/www.youtube.com\\\/channel\\\/UCCP6yzfvj3o6gA9J5L0QJCg\\\/videos\",\"https:\\\/\\\/www.kununu.com\\\/ch\\\/haelg-group\"]},{\"@type\":\"Person\",\"@id\":\"https:\\\/\\\/haelg.ch\\\/fr\\\/#\\\/schema\\\/person\\\/39b5eb7d95fc9ee13b4befde532a0f35\",\"name\":\"Sabine Ritz\",\"image\":{\"@type\":\"ImageObject\",\"inLanguage\":\"fr-FR\",\"@id\":\"https:\\\/\\\/secure.gravatar.com\\\/avatar\\\/9aa8ca77dad96f3f47fe1553f78d9400f5afd772b6d7da48a8cfc9cfb56ae898?s=96&d=mm&r=g\",\"url\":\"https:\\\/\\\/secure.gravatar.com\\\/avatar\\\/9aa8ca77dad96f3f47fe1553f78d9400f5afd772b6d7da48a8cfc9cfb56ae898?s=96&d=mm&r=g\",\"contentUrl\":\"https:\\\/\\\/secure.gravatar.com\\\/avatar\\\/9aa8ca77dad96f3f47fe1553f78d9400f5afd772b6d7da48a8cfc9cfb56ae898?s=96&d=mm&r=g\",\"caption\":\"Sabine Ritz\"}}]}<\/script>\n<!-- \/ Yoast SEO plugin. -->","yoast_head_json":{"title":"Quand une reprise de soci\u00e9t\u00e9 devient une source d\u2019opportunit\u00e9","description":"H\u00e4lg Group a rachet\u00e9 Dober AG en 2017. Marjan Mataj explique comment il a v\u00e9cu cette p\u00e9riode et \u00e9voque les opportunit\u00e9s qui en ont r\u00e9sult\u00e9.","robots":{"index":"index","follow":"follow","max-snippet":"max-snippet:-1","max-image-preview":"max-image-preview:large","max-video-preview":"max-video-preview:-1"},"canonical":"https:\/\/haelg.ch\/fr\/blog\/dober-ag-et-halg-group-quand-une-reprise-de-societe-devient-une-source-dopportunite\/","og_locale":"fr_FR","og_type":"article","og_title":"Quand une reprise de soci\u00e9t\u00e9 devient une source d\u2019opportunit\u00e9","og_description":"H\u00e4lg Group a rachet\u00e9 Dober AG en 2017. Marjan Mataj explique comment il a v\u00e9cu cette p\u00e9riode et \u00e9voque les opportunit\u00e9s qui en ont r\u00e9sult\u00e9.","og_url":"https:\/\/haelg.ch\/fr\/blog\/dober-ag-et-halg-group-quand-une-reprise-de-societe-devient-une-source-dopportunite\/","og_site_name":"H\u00e4lg Group","article_publisher":"https:\/\/www.facebook.com\/haelg.ch","article_published_time":"2025-10-28T05:00:00+00:00","article_modified_time":"2025-11-06T15:43:19+00:00","og_image":[{"width":2400,"height":2400,"url":"https:\/\/haelg.ch\/app\/uploads\/2025\/10\/marjan-mataj-niederlassungsleiter-dober-ag-schlieren_2400x2400.jpg","type":"image\/jpeg"}],"author":"Sabine Ritz","twitter_card":"summary_large_image","twitter_misc":{"\u00c9crit par":"Sabine Ritz","Dur\u00e9e de lecture estim\u00e9e":"7 minutes"},"schema":{"@context":"https:\/\/schema.org","@graph":[{"@type":"Article","@id":"https:\/\/haelg.ch\/fr\/blog\/dober-ag-et-halg-group-quand-une-reprise-de-societe-devient-une-source-dopportunite\/#article","isPartOf":{"@id":"https:\/\/haelg.ch\/fr\/blog\/dober-ag-et-halg-group-quand-une-reprise-de-societe-devient-une-source-dopportunite\/"},"author":{"name":"Sabine Ritz","@id":"https:\/\/haelg.ch\/fr\/#\/schema\/person\/39b5eb7d95fc9ee13b4befde532a0f35"},"headline":"Dober\u00a0AG et H\u00e4lg Group: quand une reprise de soci\u00e9t\u00e9 devient une source d\u2019opportunit\u00e9","datePublished":"2025-10-28T05:00:00+00:00","dateModified":"2025-11-06T15:43:19+00:00","mainEntityOfPage":{"@id":"https:\/\/haelg.ch\/fr\/blog\/dober-ag-et-halg-group-quand-une-reprise-de-societe-devient-une-source-dopportunite\/"},"wordCount":1128,"publisher":{"@id":"https:\/\/haelg.ch\/fr\/#organization"},"image":{"@id":"https:\/\/haelg.ch\/fr\/blog\/dober-ag-et-halg-group-quand-une-reprise-de-societe-devient-une-source-dopportunite\/#primaryimage"},"thumbnailUrl":"https:\/\/haelg.ch\/app\/uploads\/2025\/10\/marjan-mataj-niederlassungsleiter-dober-ag-schlieren_2400x2400.jpg","articleSection":["Focus sur les collaborateurs","H\u00e4lg Group comme employeur"],"inLanguage":"fr-FR"},{"@type":"WebPage","@id":"https:\/\/haelg.ch\/fr\/blog\/dober-ag-et-halg-group-quand-une-reprise-de-societe-devient-une-source-dopportunite\/","url":"https:\/\/haelg.ch\/fr\/blog\/dober-ag-et-halg-group-quand-une-reprise-de-societe-devient-une-source-dopportunite\/","name":"Quand une reprise de soci\u00e9t\u00e9 devient une source d\u2019opportunit\u00e9","isPartOf":{"@id":"https:\/\/haelg.ch\/fr\/#website"},"primaryImageOfPage":{"@id":"https:\/\/haelg.ch\/fr\/blog\/dober-ag-et-halg-group-quand-une-reprise-de-societe-devient-une-source-dopportunite\/#primaryimage"},"image":{"@id":"https:\/\/haelg.ch\/fr\/blog\/dober-ag-et-halg-group-quand-une-reprise-de-societe-devient-une-source-dopportunite\/#primaryimage"},"thumbnailUrl":"https:\/\/haelg.ch\/app\/uploads\/2025\/10\/marjan-mataj-niederlassungsleiter-dober-ag-schlieren_2400x2400.jpg","datePublished":"2025-10-28T05:00:00+00:00","dateModified":"2025-11-06T15:43:19+00:00","description":"H\u00e4lg Group a rachet\u00e9 Dober AG en 2017. Marjan Mataj explique comment il a v\u00e9cu cette p\u00e9riode et \u00e9voque les opportunit\u00e9s qui en ont r\u00e9sult\u00e9.","breadcrumb":{"@id":"https:\/\/haelg.ch\/fr\/blog\/dober-ag-et-halg-group-quand-une-reprise-de-societe-devient-une-source-dopportunite\/#breadcrumb"},"inLanguage":"fr-FR","potentialAction":[{"@type":"ReadAction","target":["https:\/\/haelg.ch\/fr\/blog\/dober-ag-et-halg-group-quand-une-reprise-de-societe-devient-une-source-dopportunite\/"]}]},{"@type":"ImageObject","inLanguage":"fr-FR","@id":"https:\/\/haelg.ch\/fr\/blog\/dober-ag-et-halg-group-quand-une-reprise-de-societe-devient-une-source-dopportunite\/#primaryimage","url":"https:\/\/haelg.ch\/app\/uploads\/2025\/10\/marjan-mataj-niederlassungsleiter-dober-ag-schlieren_2400x2400.jpg","contentUrl":"https:\/\/haelg.ch\/app\/uploads\/2025\/10\/marjan-mataj-niederlassungsleiter-dober-ag-schlieren_2400x2400.jpg","width":2400,"height":2400,"caption":"Marjan Mataj, Niederlassungsleiter der Dober AG in Schlieren."},{"@type":"BreadcrumbList","@id":"https:\/\/haelg.ch\/fr\/blog\/dober-ag-et-halg-group-quand-une-reprise-de-societe-devient-une-source-dopportunite\/#breadcrumb","itemListElement":[{"@type":"ListItem","position":1,"name":"Accueil","item":"https:\/\/haelg.ch\/fr\/"},{"@type":"ListItem","position":2,"name":"Dober\u00a0AG et H\u00e4lg Group: quand une reprise de soci\u00e9t\u00e9 devient une source d\u2019opportunit\u00e9"}]},{"@type":"WebSite","@id":"https:\/\/haelg.ch\/fr\/#website","url":"https:\/\/haelg.ch\/fr\/","name":"H\u00e4lg Group","description":"","publisher":{"@id":"https:\/\/haelg.ch\/fr\/#organization"},"potentialAction":[{"@type":"SearchAction","target":{"@type":"EntryPoint","urlTemplate":"https:\/\/haelg.ch\/fr\/?s={search_term_string}"},"query-input":{"@type":"PropertyValueSpecification","valueRequired":true,"valueName":"search_term_string"}}],"inLanguage":"fr-FR"},{"@type":"Organization","@id":"https:\/\/haelg.ch\/fr\/#organization","name":"H\u00e4lg Group","url":"https:\/\/haelg.ch\/fr\/","logo":{"@type":"ImageObject","inLanguage":"fr-FR","@id":"https:\/\/haelg.ch\/fr\/#\/schema\/logo\/image\/","url":"https:\/\/haelg.ch\/app\/uploads\/2025\/01\/haelg-group-logo_1800x1200.jpg","contentUrl":"https:\/\/haelg.ch\/app\/uploads\/2025\/01\/haelg-group-logo_1800x1200.jpg","width":1620,"height":1080,"caption":"H\u00e4lg Group"},"image":{"@id":"https:\/\/haelg.ch\/fr\/#\/schema\/logo\/image\/"},"sameAs":["https:\/\/www.facebook.com\/haelg.ch","https:\/\/www.linkedin.com\/company\/haelggroup\/","https:\/\/www.instagram.com\/haelg.group\/","https:\/\/www.youtube.com\/channel\/UCCP6yzfvj3o6gA9J5L0QJCg\/videos","https:\/\/www.kununu.com\/ch\/haelg-group"]},{"@type":"Person","@id":"https:\/\/haelg.ch\/fr\/#\/schema\/person\/39b5eb7d95fc9ee13b4befde532a0f35","name":"Sabine Ritz","image":{"@type":"ImageObject","inLanguage":"fr-FR","@id":"https:\/\/secure.gravatar.com\/avatar\/9aa8ca77dad96f3f47fe1553f78d9400f5afd772b6d7da48a8cfc9cfb56ae898?s=96&d=mm&r=g","url":"https:\/\/secure.gravatar.com\/avatar\/9aa8ca77dad96f3f47fe1553f78d9400f5afd772b6d7da48a8cfc9cfb56ae898?s=96&d=mm&r=g","contentUrl":"https:\/\/secure.gravatar.com\/avatar\/9aa8ca77dad96f3f47fe1553f78d9400f5afd772b6d7da48a8cfc9cfb56ae898?s=96&d=mm&r=g","caption":"Sabine Ritz"}}]}},"_links":{"self":[{"href":"https:\/\/haelg.ch\/fr\/wp-json\/wp\/v2\/posts\/158807","targetHints":{"allow":["GET"]}}],"collection":[{"href":"https:\/\/haelg.ch\/fr\/wp-json\/wp\/v2\/posts"}],"about":[{"href":"https:\/\/haelg.ch\/fr\/wp-json\/wp\/v2\/types\/post"}],"author":[{"embeddable":true,"href":"https:\/\/haelg.ch\/fr\/wp-json\/wp\/v2\/users\/3"}],"replies":[{"embeddable":true,"href":"https:\/\/haelg.ch\/fr\/wp-json\/wp\/v2\/comments?post=158807"}],"version-history":[{"count":10,"href":"https:\/\/haelg.ch\/fr\/wp-json\/wp\/v2\/posts\/158807\/revisions"}],"predecessor-version":[{"id":159092,"href":"https:\/\/haelg.ch\/fr\/wp-json\/wp\/v2\/posts\/158807\/revisions\/159092"}],"wp:featuredmedia":[{"embeddable":true,"href":"https:\/\/haelg.ch\/fr\/wp-json\/wp\/v2\/media\/157875"}],"wp:attachment":[{"href":"https:\/\/haelg.ch\/fr\/wp-json\/wp\/v2\/media?parent=158807"}],"wp:term":[{"taxonomy":"category","embeddable":true,"href":"https:\/\/haelg.ch\/fr\/wp-json\/wp\/v2\/categories?post=158807"},{"taxonomy":"post_tag","embeddable":true,"href":"https:\/\/haelg.ch\/fr\/wp-json\/wp\/v2\/tags?post=158807"}],"curies":[{"name":"wp","href":"https:\/\/api.w.org\/{rel}","templated":true}]}}