{"id":174342,"date":"2025-12-04T07:42:36","date_gmt":"2025-12-04T06:42:36","guid":{"rendered":"https:\/\/haelg.ch\/?p=174342"},"modified":"2025-12-04T08:08:42","modified_gmt":"2025-12-04T07:08:42","slug":"une-evolution-reussie-haelg-facility-management-ag-a-25-ans","status":"publish","type":"post","link":"https:\/\/haelg.ch\/fr\/blog\/une-evolution-reussie-haelg-facility-management-ag-a-25-ans\/","title":{"rendered":"Une \u00e9volution r\u00e9ussie: H\u00e4lg\u00a0Facility\u00a0Management\u00a0AG a 25\u00a0ans"},"content":{"rendered":"\n<div class=\"wp-block-group is-style-shadow is-layout-constrained wp-block-group-is-layout-constrained\">\n<p class=\"has-large-font-size\"><strong><strong><strong><strong><strong>Le 7&nbsp;octobre, H\u00e4lg&nbsp;Facility&nbsp;Management&nbsp;AG a c\u00e9l\u00e9br\u00e9 dans une ambiance conviviale ses 25&nbsp;ans avec son personnel. Voici un retour sur les \u00e9tapes cl\u00e9s, la croissance et l\u2019histoire \u00e0 succ\u00e8s d\u2019une entreprise qui, en l\u2019espace d\u2019un quart de si\u00e8cle, est devenue un prestataire solidement \u00e9tabli sur l\u2019ensemble du territoire suisse dans le domaine du Facility Management.<\/strong><\/strong><\/strong><\/strong><\/strong><\/p>\n\n\n<div class=\"wp-block wp-custom-block-author\"><div class=\"author-name\">Sabine Ritz<\/div><div class=\"author-bio\"><\/div><\/div>\n\n\n<div class=\"wp-block-columns is-layout-flex wp-container-core-columns-is-layout-28f84493 wp-block-columns-is-layout-flex\">\n<div class=\"wp-block-column is-layout-flow wp-block-column-is-layout-flow\">\n<p>Le 7&nbsp;novembre&nbsp;2025, les collaboratrices et collaborateurs de H\u00e4lg Facility Management AG ont port\u00e9 un toast aux 25&nbsp;ans de l\u2019entreprise dans le chalet \u00e9v\u00e9nementiel Eventalm R\u00fcmlang. Autour de vin chaud, de tartes flamb\u00e9es et d\u2019un \u00e9clairage d\u2019hiver, 140&nbsp;membres du personnel ont assist\u00e9 \u00e0 une soir\u00e9e festive plac\u00e9e sous le signe de la r\u00e9trospection et de la gratitude pour les succ\u00e8s communs. Dans le chalet d\u00e9cor\u00e9, la direction a pass\u00e9 en revue le d\u00e9veloppement de H\u00e4lg Facility Management AG et a remerci\u00e9 tout le personnel pour son engagement, sa fid\u00e9lit\u00e9 et les r\u00e9ussites collectives.<\/p>\n<\/div>\n\n\n\n<div class=\"wp-block-column is-layout-flow wp-block-column-is-layout-flow\">\n<figure class=\"wp-block-image size-full\"><img decoding=\"async\" width=\"1600\" height=\"1200\" loading=\"lazy\" loading=\"lazy\" loading=\"lazy\" loading=\"lazy\" src=\"https:\/\/haelg.ch\/app\/uploads\/2025\/11\/25-jahre-jubilaeumsfeier-hfm-20251108-13-haelg-group_1600x1200.jpg\" alt=\"Jubil\u00e4umsfeier 25 Jahre H\u00e4lg Facility Management AG\" class=\"wp-image-171137\" srcset=\"https:\/\/haelg.ch\/app\/uploads\/2025\/11\/25-jahre-jubilaeumsfeier-hfm-20251108-13-haelg-group_1600x1200.jpg 1600w, https:\/\/haelg.ch\/app\/uploads\/2025\/11\/25-jahre-jubilaeumsfeier-hfm-20251108-13-haelg-group_1600x1200-300x225.jpg 300w, https:\/\/haelg.ch\/app\/uploads\/2025\/11\/25-jahre-jubilaeumsfeier-hfm-20251108-13-haelg-group_1600x1200-1024x768.jpg 1024w, https:\/\/haelg.ch\/app\/uploads\/2025\/11\/25-jahre-jubilaeumsfeier-hfm-20251108-13-haelg-group_1600x1200-768x576.jpg 768w, https:\/\/haelg.ch\/app\/uploads\/2025\/11\/25-jahre-jubilaeumsfeier-hfm-20251108-13-haelg-group_1600x1200-1536x1152.jpg 1536w\" sizes=\"auto, (max-width: 1600px) 100vw, 1600px\" \/><figcaption class=\"wp-element-caption\">Le buffet du dessert \u00e0 la f\u00eate comm\u00e9morative avec son petit feu d\u2019artifice a attir\u00e9 les regards.<\/figcaption><\/figure>\n<\/div>\n<\/div>\n\n\n\n<div class=\"wp-block-columns is-layout-flex wp-container-core-columns-is-layout-28f84493 wp-block-columns-is-layout-flex\">\n<div class=\"wp-block-column is-layout-flow wp-block-column-is-layout-flow\">\n<h2 class=\"wp-block-heading\"><strong><strong><strong><strong>Le parcours, de l\u2019id\u00e9e \u00e0 l\u2019ancrage<\/strong><\/strong><\/strong><\/strong><\/h2>\n\n\n\n<p>\u00abhfm H\u00e4lg Facility Management AG\u00bb a vu le jour le 31&nbsp;octobre&nbsp;2000 et a \u00e9t\u00e9 inscrite dans le registre des soci\u00e9t\u00e9s le 4&nbsp;d\u00e9cembre&nbsp;2000 avec l\u2019objectif d\u2019agir comme interlocuteur central pour des ordres de service suprar\u00e9gionaux. D\u00e8s les ann\u00e9es 1990, H\u00e4lg&nbsp;Group a constat\u00e9 un besoin croissant en prestations de Facility Management sur le march\u00e9. Une premi\u00e8re commande re\u00e7ue durant cette p\u00e9riode a fait l\u2019objet d\u2019un traitement commun par H\u00e4lg&nbsp;&amp;&nbsp;Cie&nbsp;SA et l\u2019ancienne MIB&nbsp;AG pour la DEC (Digital Equipment Corporation Suisse), aujourd\u2019hui d\u00e9nomm\u00e9e Hewlett-Packard Enterprise Development LP.<\/p>\n\n\n\n<figure class=\"wp-block-image alignright size-full is-resized\"><img decoding=\"async\" width=\"977\" height=\"187\" loading=\"lazy\" loading=\"lazy\" loading=\"lazy\" loading=\"lazy\" src=\"https:\/\/haelg.ch\/app\/uploads\/2025\/11\/altes-logo-hfm-haelg-facility-management-ag.jpg\" alt=\"Altes Logo der hfm H\u00e4lg Facility Management AG\" class=\"wp-image-171141\" style=\"width:445px;height:auto\" srcset=\"https:\/\/haelg.ch\/app\/uploads\/2025\/11\/altes-logo-hfm-haelg-facility-management-ag.jpg 977w, https:\/\/haelg.ch\/app\/uploads\/2025\/11\/altes-logo-hfm-haelg-facility-management-ag-300x57.jpg 300w, https:\/\/haelg.ch\/app\/uploads\/2025\/11\/altes-logo-hfm-haelg-facility-management-ag-768x147.jpg 768w\" sizes=\"auto, (max-width: 977px) 100vw, 977px\" \/><figcaption class=\"wp-element-caption\">Ce premier logo et la d\u00e9claration associ\u00e9e sont le fruit de la strat\u00e9gie de marketing. Au 1<sup>er<\/sup>&nbsp;avril&nbsp;2011, hfm H\u00e4lg Facility Management AG a chang\u00e9 de raison sociale pour devenir H\u00e4lg Facility Management AG et a adopt\u00e9 la marque visuelle des autres filiales de H\u00e4lg&nbsp;Group.<\/figcaption><\/figure>\n\n\n\n<p>L\u2019entreprise a consacr\u00e9 les premiers mois de son existence au d\u00e9veloppement de son activit\u00e9. Elle a investi et am\u00e9nag\u00e9 des locaux \u00e0 l\u2019ancien si\u00e8ge de H\u00e4lg&nbsp;&amp;&nbsp;Cie&nbsp;SA \u00e0 Zurich, y a lanc\u00e9 des op\u00e9rations de marketing et nou\u00e9 de premiers contacts avec les clients. Durant la premi\u00e8re ann\u00e9e, l\u2019\u00e9quipe comptait tout juste cinq personnes, les prestations techniques \u00e9tant assur\u00e9es par les succursales de H\u00e4lg&nbsp;&amp;&nbsp;Cie&nbsp;SA sur place.<\/p>\n<\/div>\n<\/div>\n\n\n\n<div class=\"wp-block-columns is-layout-flex wp-container-core-columns-is-layout-28f84493 wp-block-columns-is-layout-flex\">\n<div class=\"wp-block-column is-layout-flow wp-block-column-is-layout-flow\">\n<h2 class=\"wp-block-heading\"><strong><strong><strong><strong>Les \u00e9tapes cl\u00e9s dans l\u2019histoire de HFM&nbsp;AG<\/strong><\/strong><\/strong><\/strong><\/h2>\n\n\n\n<figure class=\"wp-block-image alignleft size-full is-resized\"><img decoding=\"async\" width=\"1600\" height=\"1200\" loading=\"lazy\" loading=\"lazy\" loading=\"lazy\" loading=\"lazy\" src=\"https:\/\/haelg.ch\/app\/uploads\/2025\/11\/lbb-integration-hfm-2025-2-haelg-group_1600x1200.jpg\" alt=\"Integration der L\u00f6wen Bau und Betriebs AG in die H\u00e4lg Group.\" class=\"wp-image-171144\" style=\"width:487px;height:auto\" srcset=\"https:\/\/haelg.ch\/app\/uploads\/2025\/11\/lbb-integration-hfm-2025-2-haelg-group_1600x1200.jpg 1600w, https:\/\/haelg.ch\/app\/uploads\/2025\/11\/lbb-integration-hfm-2025-2-haelg-group_1600x1200-300x225.jpg 300w, https:\/\/haelg.ch\/app\/uploads\/2025\/11\/lbb-integration-hfm-2025-2-haelg-group_1600x1200-1024x768.jpg 1024w, https:\/\/haelg.ch\/app\/uploads\/2025\/11\/lbb-integration-hfm-2025-2-haelg-group_1600x1200-768x576.jpg 768w, https:\/\/haelg.ch\/app\/uploads\/2025\/11\/lbb-integration-hfm-2025-2-haelg-group_1600x1200-1536x1152.jpg 1536w\" sizes=\"auto, (max-width: 1600px) 100vw, 1600px\" \/><figcaption class=\"wp-element-caption\">Dans le cadre d\u2019un plan de succession, Markus Beiser, propri\u00e9taire jusqu\u2019ici de L\u00f6wen Bau und Betriebs AG, a remis son entreprise entre les mains de H\u00e4lg&nbsp;Group.<\/figcaption><\/figure>\n\n\n\n<p>Le mandat PPP de 25&nbsp;ans dans le centre administratif Neumatt, \u00e0 Burgdorf, a constitu\u00e9 une \u00e9tape importante dans l\u2019histoire de H\u00e4lg Facility Management AG. En 2009, un consortium r\u00e9unissant des investisseurs, entrepreneurs et l\u2019exploitant HFM a d\u00e9croch\u00e9 le contrat d\u2019ex\u00e9cution du projet. HFM a accompagn\u00e9 toute la phase de construction et de mise en exploitation avant de prendre en charge l\u2019exploitation en 2012. Ce mandat dure d\u00e9j\u00e0 depuis plus de 13&nbsp;ans et satisfait pleinement la soci\u00e9t\u00e9 de projet et le client final, \u00e0 savoir le canton de Berne. Unique en son genre en Suisse, il a pos\u00e9 la premi\u00e8re pierre de HFM comme prestataire de Facility Management int\u00e9gral. De petits et grands mandats se sont succ\u00e9d\u00e9: un premier (puis un deuxi\u00e8me) sur l\u2019Europaallee \u00e0 partir de 2013, un autre sur l\u2019aire Suurstoffi \u00e0 compter de 2023.<\/p>\n\n\n\n<p>Le 1<sup>er<\/sup>&nbsp;octobre 2025, H\u00e4lg Facility Management AG a accueilli L\u00f6wen Bau und Betriebs AG, \u00e0 Lucerne, en son sein. Ce rattachement a non seulement permis d\u2019\u00e9tendre les comp\u00e9tences dans le Facility Management commercial, mais a aussi constitu\u00e9 un pr\u00e9cieux enrichissement pour l\u2019\u00e9quipe.<\/p>\n<\/div>\n<\/div>\n\n\n\n<div class=\"wp-block-columns is-layout-flex wp-container-core-columns-is-layout-28f84493 wp-block-columns-is-layout-flex\">\n<div class=\"wp-block-column is-layout-flow wp-block-column-is-layout-flow\">\n<h2 class=\"wp-block-heading\"><strong><strong><strong>La p\u00e9rennisation du succ\u00e8s<\/strong><\/strong><\/strong><\/h2>\n\n\n\n<p>Aujourd\u2019hui, H\u00e4lg Facility Management AG a la r\u00e9putation d\u2019\u00eatre un prestataire professionnel et fiable qui propose des services de haute qualit\u00e9 et une offre r\u00e9alis\u00e9e en grande partie avec les ressources internes. L\u2019entreprise d\u00e9ploie ses grands talents avant tout dans la gestion de biens complexes et de grandes aires. Depuis ses six sites, elle ex\u00e9cute plus de 300&nbsp;mandats, les plus de 230&nbsp;personnes employ\u00e9es fournissant une grande part des prestations. Avec cette solide assise, H\u00e4lg Facility Management AG aborde l\u2019avenir avec optimisme et se r\u00e9jouit de saisir de nouvelles opportunit\u00e9s et de relever de nouveaux d\u00e9fis.<\/p>\n<\/div>\n<\/div>\n<\/div>\n\n\n\n<div class=\"wp-block-media-text has-media-on-the-right is-stacked-on-mobile is-image-fill-element has-background-color has-secondary-background-color has-text-color has-background has-link-color wp-elements-d6fe9cd64c2ba9190a9d918bbe927d20\"><div class=\"wp-block-media-text__content\">\n<h2 class=\"wp-block-heading\">Plus d&rsquo;informations<\/h2>\n\n\n\n<div class=\"wp-block-buttons is-style-list is-layout-flex wp-block-buttons-is-layout-flex\">\n<div class=\"wp-block-button is-style-outline is-style-outline--1\"><a class=\"wp-block-button__link wp-element-button\" href=\"https:\/\/haelg.ch\/fr\/offre\/facility-management-integral\/\">Facility Management int\u00e9gral<\/a><\/div>\n\n\n\n<div class=\"wp-block-button\"><a class=\"wp-block-button__link wp-element-button\" href=\"https:\/\/haelg.ch\/fr\/travailler-chez-nous\/\">Travailler chez nous<\/a><\/div>\n\n\n\n<div class=\"wp-block-button is-style-outline is-style-outline--2\"><a class=\"wp-block-button__link wp-element-button\" href=\"https:\/\/haelg.ch\/fr\/offre\/facility-management-integral\/#postes\">Postes vacants chez HFM AG<\/a><\/div>\n\n\n\n<div class=\"wp-block-button\"><a class=\"wp-block-button__link wp-element-button\" href=\"https:\/\/haelg.ch\/fr\/references\/?filter%5Breferenz-region%5D=&#038;filter%5Breferenz-angebot%5D=integrales-facility-management&#038;filter%5Breferenz-gebaeudeart%5D=&#038;filter%5Breferenz-bauart%5D=&#038;gqs=\">Mandats de HFM AG<\/a><\/div>\n<\/div>\n<\/div><figure class=\"wp-block-media-text__media\"><img decoding=\"async\" width=\"1024\" height=\"768\" loading=\"lazy\" src=\"https:\/\/haelg.ch\/app\/uploads\/2025\/01\/hfm-mitarbeitende-haelg-group_1600x1200-1024x768.jpg\" alt=\"Mitarbeitende der H\u00e4lg Facility Management AG sitzen im Auto.\" class=\"wp-image-51167 size-full\" style=\"object-position:50% 50%\" srcset=\"https:\/\/haelg.ch\/app\/uploads\/2025\/01\/hfm-mitarbeitende-haelg-group_1600x1200-1024x768.jpg 1024w, https:\/\/haelg.ch\/app\/uploads\/2025\/01\/hfm-mitarbeitende-haelg-group_1600x1200-300x225.jpg 300w, https:\/\/haelg.ch\/app\/uploads\/2025\/01\/hfm-mitarbeitende-haelg-group_1600x1200-768x576.jpg 768w, https:\/\/haelg.ch\/app\/uploads\/2025\/01\/hfm-mitarbeitende-haelg-group_1600x1200-1536x1152.jpg 1536w, https:\/\/haelg.ch\/app\/uploads\/2025\/01\/hfm-mitarbeitende-haelg-group_1600x1200.jpg 1600w\" sizes=\"auto, (max-width: 1024px) 100vw, 1024px\" \/><\/figure><\/div>\n\n\n\n<p><\/p>\n","protected":false},"excerpt":{"rendered":"<p>Le 7&nbsp;octobre, H\u00e4lg&nbsp;Facility&nbsp;Management&nbsp;AG a c\u00e9l\u00e9br\u00e9 dans une ambiance conviviale ses 25&nbsp;ans avec son personnel. Voici un retour sur les \u00e9tapes cl\u00e9s, la croissance et l\u2019histoire \u00e0 succ\u00e8s d\u2019une entreprise qui, en l\u2019espace d\u2019un quart de si\u00e8cle, est devenue un prestataire solidement \u00e9tabli sur l\u2019ensemble du territoire suisse dans le domaine du Facility Management. Le 7&nbsp;novembre&nbsp;2025, [&hellip;]<\/p>\n","protected":false},"author":3,"featured_media":170997,"comment_status":"closed","ping_status":"closed","sticky":false,"template":"","format":"standard","meta":{"_acf_changed":false,"inline_featured_image":false,"footnotes":""},"categories":[362,163],"tags":[],"class_list":["post-174342","post","type-post","status-publish","format-standard","has-post-thumbnail","hentry","category-haelg-group-comme-employeur","category-haellg-group-en-tant-que-prestataire-de-services"],"acf":[],"yoast_head":"<!-- This site is optimized with the Yoast SEO plugin v27.3 - https:\/\/yoast.com\/product\/yoast-seo-wordpress\/ -->\n<title>H\u00e4lg Facility Management AG a 25 ans | H\u00e4lg Group<\/title>\n<meta name=\"description\" content=\"Le 7 octobre, H\u00e4lg Facility Management AG a c\u00e9l\u00e9br\u00e9 dans une ambiance conviviale ses 25 ans avec son personnel.\" \/>\n<meta name=\"robots\" content=\"index, follow, max-snippet:-1, max-image-preview:large, max-video-preview:-1\" \/>\n<link rel=\"canonical\" href=\"https:\/\/haelg.ch\/fr\/blog\/une-evolution-reussie-haelg-facility-management-ag-a-25-ans\/\" \/>\n<meta property=\"og:locale\" content=\"fr_FR\" \/>\n<meta property=\"og:type\" content=\"article\" \/>\n<meta property=\"og:title\" content=\"H\u00e4lg Facility Management AG a 25 ans | H\u00e4lg Group\" \/>\n<meta property=\"og:description\" content=\"Le 7 octobre, H\u00e4lg Facility Management AG a c\u00e9l\u00e9br\u00e9 dans une ambiance conviviale ses 25 ans avec son personnel.\" \/>\n<meta property=\"og:url\" content=\"https:\/\/haelg.ch\/fr\/blog\/une-evolution-reussie-haelg-facility-management-ag-a-25-ans\/\" \/>\n<meta property=\"og:site_name\" content=\"H\u00e4lg Group\" \/>\n<meta property=\"article:publisher\" content=\"https:\/\/www.facebook.com\/haelg.ch\" \/>\n<meta property=\"article:published_time\" content=\"2025-12-04T06:42:36+00:00\" \/>\n<meta property=\"article:modified_time\" content=\"2025-12-04T07:08:42+00:00\" \/>\n<meta property=\"og:image\" content=\"https:\/\/haelg.ch\/app\/uploads\/2025\/11\/25-jahre-jubilaeumsfeier-hfm-20251108-357-haelg-group_2400x2400-1024x1024.jpg\" \/>\n\t<meta property=\"og:image:width\" content=\"1024\" \/>\n\t<meta property=\"og:image:height\" content=\"1024\" \/>\n\t<meta property=\"og:image:type\" content=\"image\/jpeg\" \/>\n<meta name=\"author\" content=\"Sabine Ritz\" \/>\n<meta name=\"twitter:card\" content=\"summary_large_image\" \/>\n<meta name=\"twitter:label1\" content=\"\u00c9crit par\" \/>\n\t<meta name=\"twitter:data1\" content=\"Sabine Ritz\" \/>\n\t<meta name=\"twitter:label2\" content=\"Dur\u00e9e de lecture estim\u00e9e\" \/>\n\t<meta name=\"twitter:data2\" content=\"6 minutes\" \/>\n<script type=\"application\/ld+json\" class=\"yoast-schema-graph\">{\"@context\":\"https:\\\/\\\/schema.org\",\"@graph\":[{\"@type\":\"Article\",\"@id\":\"https:\\\/\\\/haelg.ch\\\/fr\\\/blog\\\/une-evolution-reussie-haelg-facility-management-ag-a-25-ans\\\/#article\",\"isPartOf\":{\"@id\":\"https:\\\/\\\/haelg.ch\\\/fr\\\/blog\\\/une-evolution-reussie-haelg-facility-management-ag-a-25-ans\\\/\"},\"author\":{\"name\":\"Sabine Ritz\",\"@id\":\"https:\\\/\\\/haelg.ch\\\/fr\\\/#\\\/schema\\\/person\\\/39b5eb7d95fc9ee13b4befde532a0f35\"},\"headline\":\"Une \u00e9volution r\u00e9ussie: H\u00e4lg\u00a0Facility\u00a0Management\u00a0AG a 25\u00a0ans\",\"datePublished\":\"2025-12-04T06:42:36+00:00\",\"dateModified\":\"2025-12-04T07:08:42+00:00\",\"mainEntityOfPage\":{\"@id\":\"https:\\\/\\\/haelg.ch\\\/fr\\\/blog\\\/une-evolution-reussie-haelg-facility-management-ag-a-25-ans\\\/\"},\"wordCount\":853,\"publisher\":{\"@id\":\"https:\\\/\\\/haelg.ch\\\/fr\\\/#organization\"},\"image\":{\"@id\":\"https:\\\/\\\/haelg.ch\\\/fr\\\/blog\\\/une-evolution-reussie-haelg-facility-management-ag-a-25-ans\\\/#primaryimage\"},\"thumbnailUrl\":\"https:\\\/\\\/haelg.ch\\\/app\\\/uploads\\\/2025\\\/11\\\/25-jahre-jubilaeumsfeier-hfm-20251108-357-haelg-group_2400x2400.jpg\",\"articleSection\":[\"H\u00e4lg Group comme employeur\",\"H\u00e4lg Group en tant que prestataire de services\"],\"inLanguage\":\"fr-FR\"},{\"@type\":\"WebPage\",\"@id\":\"https:\\\/\\\/haelg.ch\\\/fr\\\/blog\\\/une-evolution-reussie-haelg-facility-management-ag-a-25-ans\\\/\",\"url\":\"https:\\\/\\\/haelg.ch\\\/fr\\\/blog\\\/une-evolution-reussie-haelg-facility-management-ag-a-25-ans\\\/\",\"name\":\"H\u00e4lg Facility Management AG a 25 ans | H\u00e4lg Group\",\"isPartOf\":{\"@id\":\"https:\\\/\\\/haelg.ch\\\/fr\\\/#website\"},\"primaryImageOfPage\":{\"@id\":\"https:\\\/\\\/haelg.ch\\\/fr\\\/blog\\\/une-evolution-reussie-haelg-facility-management-ag-a-25-ans\\\/#primaryimage\"},\"image\":{\"@id\":\"https:\\\/\\\/haelg.ch\\\/fr\\\/blog\\\/une-evolution-reussie-haelg-facility-management-ag-a-25-ans\\\/#primaryimage\"},\"thumbnailUrl\":\"https:\\\/\\\/haelg.ch\\\/app\\\/uploads\\\/2025\\\/11\\\/25-jahre-jubilaeumsfeier-hfm-20251108-357-haelg-group_2400x2400.jpg\",\"datePublished\":\"2025-12-04T06:42:36+00:00\",\"dateModified\":\"2025-12-04T07:08:42+00:00\",\"description\":\"Le 7 octobre, H\u00e4lg Facility Management AG a c\u00e9l\u00e9br\u00e9 dans une ambiance conviviale ses 25 ans avec son personnel.\",\"breadcrumb\":{\"@id\":\"https:\\\/\\\/haelg.ch\\\/fr\\\/blog\\\/une-evolution-reussie-haelg-facility-management-ag-a-25-ans\\\/#breadcrumb\"},\"inLanguage\":\"fr-FR\",\"potentialAction\":[{\"@type\":\"ReadAction\",\"target\":[\"https:\\\/\\\/haelg.ch\\\/fr\\\/blog\\\/une-evolution-reussie-haelg-facility-management-ag-a-25-ans\\\/\"]}]},{\"@type\":\"ImageObject\",\"inLanguage\":\"fr-FR\",\"@id\":\"https:\\\/\\\/haelg.ch\\\/fr\\\/blog\\\/une-evolution-reussie-haelg-facility-management-ag-a-25-ans\\\/#primaryimage\",\"url\":\"https:\\\/\\\/haelg.ch\\\/app\\\/uploads\\\/2025\\\/11\\\/25-jahre-jubilaeumsfeier-hfm-20251108-357-haelg-group_2400x2400.jpg\",\"contentUrl\":\"https:\\\/\\\/haelg.ch\\\/app\\\/uploads\\\/2025\\\/11\\\/25-jahre-jubilaeumsfeier-hfm-20251108-357-haelg-group_2400x2400.jpg\",\"width\":2400,\"height\":2400,\"caption\":\"Jubil\u00e4umsfeier 25 Jahre H\u00e4lg Facility Management AG\"},{\"@type\":\"BreadcrumbList\",\"@id\":\"https:\\\/\\\/haelg.ch\\\/fr\\\/blog\\\/une-evolution-reussie-haelg-facility-management-ag-a-25-ans\\\/#breadcrumb\",\"itemListElement\":[{\"@type\":\"ListItem\",\"position\":1,\"name\":\"Accueil\",\"item\":\"https:\\\/\\\/haelg.ch\\\/fr\\\/\"},{\"@type\":\"ListItem\",\"position\":2,\"name\":\"Une \u00e9volution r\u00e9ussie: H\u00e4lg\u00a0Facility\u00a0Management\u00a0AG a 25\u00a0ans\"}]},{\"@type\":\"WebSite\",\"@id\":\"https:\\\/\\\/haelg.ch\\\/fr\\\/#website\",\"url\":\"https:\\\/\\\/haelg.ch\\\/fr\\\/\",\"name\":\"H\u00e4lg Group\",\"description\":\"\",\"publisher\":{\"@id\":\"https:\\\/\\\/haelg.ch\\\/fr\\\/#organization\"},\"potentialAction\":[{\"@type\":\"SearchAction\",\"target\":{\"@type\":\"EntryPoint\",\"urlTemplate\":\"https:\\\/\\\/haelg.ch\\\/fr\\\/?s={search_term_string}\"},\"query-input\":{\"@type\":\"PropertyValueSpecification\",\"valueRequired\":true,\"valueName\":\"search_term_string\"}}],\"inLanguage\":\"fr-FR\"},{\"@type\":\"Organization\",\"@id\":\"https:\\\/\\\/haelg.ch\\\/fr\\\/#organization\",\"name\":\"H\u00e4lg Group\",\"url\":\"https:\\\/\\\/haelg.ch\\\/fr\\\/\",\"logo\":{\"@type\":\"ImageObject\",\"inLanguage\":\"fr-FR\",\"@id\":\"https:\\\/\\\/haelg.ch\\\/fr\\\/#\\\/schema\\\/logo\\\/image\\\/\",\"url\":\"https:\\\/\\\/haelg.ch\\\/app\\\/uploads\\\/2025\\\/01\\\/haelg-group-logo_1800x1200.jpg\",\"contentUrl\":\"https:\\\/\\\/haelg.ch\\\/app\\\/uploads\\\/2025\\\/01\\\/haelg-group-logo_1800x1200.jpg\",\"width\":1620,\"height\":1080,\"caption\":\"H\u00e4lg Group\"},\"image\":{\"@id\":\"https:\\\/\\\/haelg.ch\\\/fr\\\/#\\\/schema\\\/logo\\\/image\\\/\"},\"sameAs\":[\"https:\\\/\\\/www.facebook.com\\\/haelg.ch\",\"https:\\\/\\\/www.linkedin.com\\\/company\\\/haelggroup\\\/\",\"https:\\\/\\\/www.instagram.com\\\/haelg.group\\\/\",\"https:\\\/\\\/www.youtube.com\\\/channel\\\/UCCP6yzfvj3o6gA9J5L0QJCg\\\/videos\",\"https:\\\/\\\/www.kununu.com\\\/ch\\\/haelg-group\"]},{\"@type\":\"Person\",\"@id\":\"https:\\\/\\\/haelg.ch\\\/fr\\\/#\\\/schema\\\/person\\\/39b5eb7d95fc9ee13b4befde532a0f35\",\"name\":\"Sabine Ritz\",\"image\":{\"@type\":\"ImageObject\",\"inLanguage\":\"fr-FR\",\"@id\":\"https:\\\/\\\/secure.gravatar.com\\\/avatar\\\/9aa8ca77dad96f3f47fe1553f78d9400f5afd772b6d7da48a8cfc9cfb56ae898?s=96&d=mm&r=g\",\"url\":\"https:\\\/\\\/secure.gravatar.com\\\/avatar\\\/9aa8ca77dad96f3f47fe1553f78d9400f5afd772b6d7da48a8cfc9cfb56ae898?s=96&d=mm&r=g\",\"contentUrl\":\"https:\\\/\\\/secure.gravatar.com\\\/avatar\\\/9aa8ca77dad96f3f47fe1553f78d9400f5afd772b6d7da48a8cfc9cfb56ae898?s=96&d=mm&r=g\",\"caption\":\"Sabine Ritz\"}}]}<\/script>\n<!-- \/ Yoast SEO plugin. -->","yoast_head_json":{"title":"H\u00e4lg Facility Management AG a 25 ans | H\u00e4lg Group","description":"Le 7 octobre, H\u00e4lg Facility Management AG a c\u00e9l\u00e9br\u00e9 dans une ambiance conviviale ses 25 ans avec son personnel.","robots":{"index":"index","follow":"follow","max-snippet":"max-snippet:-1","max-image-preview":"max-image-preview:large","max-video-preview":"max-video-preview:-1"},"canonical":"https:\/\/haelg.ch\/fr\/blog\/une-evolution-reussie-haelg-facility-management-ag-a-25-ans\/","og_locale":"fr_FR","og_type":"article","og_title":"H\u00e4lg Facility Management AG a 25 ans | H\u00e4lg Group","og_description":"Le 7 octobre, H\u00e4lg Facility Management AG a c\u00e9l\u00e9br\u00e9 dans une ambiance conviviale ses 25 ans avec son personnel.","og_url":"https:\/\/haelg.ch\/fr\/blog\/une-evolution-reussie-haelg-facility-management-ag-a-25-ans\/","og_site_name":"H\u00e4lg Group","article_publisher":"https:\/\/www.facebook.com\/haelg.ch","article_published_time":"2025-12-04T06:42:36+00:00","article_modified_time":"2025-12-04T07:08:42+00:00","og_image":[{"width":1024,"height":1024,"url":"https:\/\/haelg.ch\/app\/uploads\/2025\/11\/25-jahre-jubilaeumsfeier-hfm-20251108-357-haelg-group_2400x2400-1024x1024.jpg","type":"image\/jpeg"}],"author":"Sabine Ritz","twitter_card":"summary_large_image","twitter_misc":{"\u00c9crit par":"Sabine Ritz","Dur\u00e9e de lecture estim\u00e9e":"6 minutes"},"schema":{"@context":"https:\/\/schema.org","@graph":[{"@type":"Article","@id":"https:\/\/haelg.ch\/fr\/blog\/une-evolution-reussie-haelg-facility-management-ag-a-25-ans\/#article","isPartOf":{"@id":"https:\/\/haelg.ch\/fr\/blog\/une-evolution-reussie-haelg-facility-management-ag-a-25-ans\/"},"author":{"name":"Sabine Ritz","@id":"https:\/\/haelg.ch\/fr\/#\/schema\/person\/39b5eb7d95fc9ee13b4befde532a0f35"},"headline":"Une \u00e9volution r\u00e9ussie: H\u00e4lg\u00a0Facility\u00a0Management\u00a0AG a 25\u00a0ans","datePublished":"2025-12-04T06:42:36+00:00","dateModified":"2025-12-04T07:08:42+00:00","mainEntityOfPage":{"@id":"https:\/\/haelg.ch\/fr\/blog\/une-evolution-reussie-haelg-facility-management-ag-a-25-ans\/"},"wordCount":853,"publisher":{"@id":"https:\/\/haelg.ch\/fr\/#organization"},"image":{"@id":"https:\/\/haelg.ch\/fr\/blog\/une-evolution-reussie-haelg-facility-management-ag-a-25-ans\/#primaryimage"},"thumbnailUrl":"https:\/\/haelg.ch\/app\/uploads\/2025\/11\/25-jahre-jubilaeumsfeier-hfm-20251108-357-haelg-group_2400x2400.jpg","articleSection":["H\u00e4lg Group comme employeur","H\u00e4lg Group en tant que prestataire de services"],"inLanguage":"fr-FR"},{"@type":"WebPage","@id":"https:\/\/haelg.ch\/fr\/blog\/une-evolution-reussie-haelg-facility-management-ag-a-25-ans\/","url":"https:\/\/haelg.ch\/fr\/blog\/une-evolution-reussie-haelg-facility-management-ag-a-25-ans\/","name":"H\u00e4lg Facility Management AG a 25 ans | H\u00e4lg Group","isPartOf":{"@id":"https:\/\/haelg.ch\/fr\/#website"},"primaryImageOfPage":{"@id":"https:\/\/haelg.ch\/fr\/blog\/une-evolution-reussie-haelg-facility-management-ag-a-25-ans\/#primaryimage"},"image":{"@id":"https:\/\/haelg.ch\/fr\/blog\/une-evolution-reussie-haelg-facility-management-ag-a-25-ans\/#primaryimage"},"thumbnailUrl":"https:\/\/haelg.ch\/app\/uploads\/2025\/11\/25-jahre-jubilaeumsfeier-hfm-20251108-357-haelg-group_2400x2400.jpg","datePublished":"2025-12-04T06:42:36+00:00","dateModified":"2025-12-04T07:08:42+00:00","description":"Le 7 octobre, H\u00e4lg Facility Management AG a c\u00e9l\u00e9br\u00e9 dans une ambiance conviviale ses 25 ans avec son personnel.","breadcrumb":{"@id":"https:\/\/haelg.ch\/fr\/blog\/une-evolution-reussie-haelg-facility-management-ag-a-25-ans\/#breadcrumb"},"inLanguage":"fr-FR","potentialAction":[{"@type":"ReadAction","target":["https:\/\/haelg.ch\/fr\/blog\/une-evolution-reussie-haelg-facility-management-ag-a-25-ans\/"]}]},{"@type":"ImageObject","inLanguage":"fr-FR","@id":"https:\/\/haelg.ch\/fr\/blog\/une-evolution-reussie-haelg-facility-management-ag-a-25-ans\/#primaryimage","url":"https:\/\/haelg.ch\/app\/uploads\/2025\/11\/25-jahre-jubilaeumsfeier-hfm-20251108-357-haelg-group_2400x2400.jpg","contentUrl":"https:\/\/haelg.ch\/app\/uploads\/2025\/11\/25-jahre-jubilaeumsfeier-hfm-20251108-357-haelg-group_2400x2400.jpg","width":2400,"height":2400,"caption":"Jubil\u00e4umsfeier 25 Jahre H\u00e4lg Facility Management AG"},{"@type":"BreadcrumbList","@id":"https:\/\/haelg.ch\/fr\/blog\/une-evolution-reussie-haelg-facility-management-ag-a-25-ans\/#breadcrumb","itemListElement":[{"@type":"ListItem","position":1,"name":"Accueil","item":"https:\/\/haelg.ch\/fr\/"},{"@type":"ListItem","position":2,"name":"Une \u00e9volution r\u00e9ussie: H\u00e4lg\u00a0Facility\u00a0Management\u00a0AG a 25\u00a0ans"}]},{"@type":"WebSite","@id":"https:\/\/haelg.ch\/fr\/#website","url":"https:\/\/haelg.ch\/fr\/","name":"H\u00e4lg Group","description":"","publisher":{"@id":"https:\/\/haelg.ch\/fr\/#organization"},"potentialAction":[{"@type":"SearchAction","target":{"@type":"EntryPoint","urlTemplate":"https:\/\/haelg.ch\/fr\/?s={search_term_string}"},"query-input":{"@type":"PropertyValueSpecification","valueRequired":true,"valueName":"search_term_string"}}],"inLanguage":"fr-FR"},{"@type":"Organization","@id":"https:\/\/haelg.ch\/fr\/#organization","name":"H\u00e4lg Group","url":"https:\/\/haelg.ch\/fr\/","logo":{"@type":"ImageObject","inLanguage":"fr-FR","@id":"https:\/\/haelg.ch\/fr\/#\/schema\/logo\/image\/","url":"https:\/\/haelg.ch\/app\/uploads\/2025\/01\/haelg-group-logo_1800x1200.jpg","contentUrl":"https:\/\/haelg.ch\/app\/uploads\/2025\/01\/haelg-group-logo_1800x1200.jpg","width":1620,"height":1080,"caption":"H\u00e4lg Group"},"image":{"@id":"https:\/\/haelg.ch\/fr\/#\/schema\/logo\/image\/"},"sameAs":["https:\/\/www.facebook.com\/haelg.ch","https:\/\/www.linkedin.com\/company\/haelggroup\/","https:\/\/www.instagram.com\/haelg.group\/","https:\/\/www.youtube.com\/channel\/UCCP6yzfvj3o6gA9J5L0QJCg\/videos","https:\/\/www.kununu.com\/ch\/haelg-group"]},{"@type":"Person","@id":"https:\/\/haelg.ch\/fr\/#\/schema\/person\/39b5eb7d95fc9ee13b4befde532a0f35","name":"Sabine Ritz","image":{"@type":"ImageObject","inLanguage":"fr-FR","@id":"https:\/\/secure.gravatar.com\/avatar\/9aa8ca77dad96f3f47fe1553f78d9400f5afd772b6d7da48a8cfc9cfb56ae898?s=96&d=mm&r=g","url":"https:\/\/secure.gravatar.com\/avatar\/9aa8ca77dad96f3f47fe1553f78d9400f5afd772b6d7da48a8cfc9cfb56ae898?s=96&d=mm&r=g","contentUrl":"https:\/\/secure.gravatar.com\/avatar\/9aa8ca77dad96f3f47fe1553f78d9400f5afd772b6d7da48a8cfc9cfb56ae898?s=96&d=mm&r=g","caption":"Sabine Ritz"}}]}},"_links":{"self":[{"href":"https:\/\/haelg.ch\/fr\/wp-json\/wp\/v2\/posts\/174342","targetHints":{"allow":["GET"]}}],"collection":[{"href":"https:\/\/haelg.ch\/fr\/wp-json\/wp\/v2\/posts"}],"about":[{"href":"https:\/\/haelg.ch\/fr\/wp-json\/wp\/v2\/types\/post"}],"author":[{"embeddable":true,"href":"https:\/\/haelg.ch\/fr\/wp-json\/wp\/v2\/users\/3"}],"replies":[{"embeddable":true,"href":"https:\/\/haelg.ch\/fr\/wp-json\/wp\/v2\/comments?post=174342"}],"version-history":[{"count":4,"href":"https:\/\/haelg.ch\/fr\/wp-json\/wp\/v2\/posts\/174342\/revisions"}],"predecessor-version":[{"id":176771,"href":"https:\/\/haelg.ch\/fr\/wp-json\/wp\/v2\/posts\/174342\/revisions\/176771"}],"wp:featuredmedia":[{"embeddable":true,"href":"https:\/\/haelg.ch\/fr\/wp-json\/wp\/v2\/media\/170997"}],"wp:attachment":[{"href":"https:\/\/haelg.ch\/fr\/wp-json\/wp\/v2\/media?parent=174342"}],"wp:term":[{"taxonomy":"category","embeddable":true,"href":"https:\/\/haelg.ch\/fr\/wp-json\/wp\/v2\/categories?post=174342"},{"taxonomy":"post_tag","embeddable":true,"href":"https:\/\/haelg.ch\/fr\/wp-json\/wp\/v2\/tags?post=174342"}],"curies":[{"name":"wp","href":"https:\/\/api.w.org\/{rel}","templated":true}]}}