{"id":210372,"date":"2026-02-23T15:41:25","date_gmt":"2026-02-23T14:41:25","guid":{"rendered":"https:\/\/haelg.ch\/?p=210372"},"modified":"2026-02-23T15:47:16","modified_gmt":"2026-02-23T14:47:16","slug":"de-lafghanistan-a-la-suisse-le-parcours-dansia","status":"publish","type":"post","link":"https:\/\/haelg.ch\/fr\/blog\/de-lafghanistan-a-la-suisse-le-parcours-dansia\/","title":{"rendered":"De l\u2019Afghanistan \u00e0 la Suisse, le parcours d\u2019Ansia"},"content":{"rendered":"\n<div class=\"wp-block-group is-style-shadow is-layout-constrained wp-block-group-is-layout-constrained\">\n<p class=\"has-large-font-size\"><strong><strong><strong><strong><strong>Il y a trois ans, Ansia Ashrafi a quitt\u00e9 l\u2019Afghanistan pour venir s\u2019installer en Suisse. En d\u00e9pit des barri\u00e8res linguistiques, des incertitudes pesant sur son statut de s\u00e9jour et des grandes difficult\u00e9s rencontr\u00e9es, elle a r\u00e9ussi \u00e0 apprendre l\u2019allemand, \u00e0 valider l\u2019enseignement de culture g\u00e9n\u00e9rale (ECG) et \u00e0 commencer un apprentissage en technique du b\u00e2timent. Aujourd\u2019hui, elle est fi\u00e8re de son parcours. Elle se sent en de bonnes mains chez H\u00e4lg &amp; Cie SA \u00e0 St-Gall et s\u2019emploie avec motivation \u00e0 construire son avenir professionnel.<\/strong><\/strong><\/strong><\/strong><\/strong><\/p>\n\n\n<div class=\"wp-block wp-custom-block-author\"><div class=\"author-name\">Laurentina Fetaj<\/div><div class=\"author-bio\"><\/div><\/div>\n\n\n<div class=\"wp-block-columns is-layout-flex wp-container-core-columns-is-layout-28f84493 wp-block-columns-is-layout-flex\">\n<div class=\"wp-block-column is-layout-flow wp-block-column-is-layout-flow\">\n<p>Il y a trois ans, Ansia Ashrafi et sa famille sont venues d\u2019Afghanistan pour vivre en Suisse. Les premiers mois ont \u00e9t\u00e9 marqu\u00e9s par une multitudes d\u2019impressions nouvelles et des d\u00e9fis importants. Au d\u00e9but, elle relevait de la proc\u00e9dure Dublin, dans le cadre de laquelle sa demande a \u00e9t\u00e9 enregistr\u00e9e. Ce fut un d\u00e9fi de taille, car Ansia avait \u00e9t\u00e9 enregistr\u00e9e en Italie. Au rang des difficult\u00e9s \u00e0 surmonter figuraient aussi la langue et l\u2019int\u00e9gration. D\u00e8s le d\u00e9part, elle a eu particuli\u00e8rement \u00e0 c\u0153ur d\u2019apprendre la langue allemande, qu\u2019elle consid\u00e9rait comme la cl\u00e9 de son int\u00e9gration et de son \u00e9volution personnelle.<\/p>\n\n\n\n<p>C\u2019est pourquoi elle s\u2019est d\u2019abord concentr\u00e9e assid\u00fbment sur l\u2019allemand, avant de suivre avec succ\u00e8s l\u2019enseignement de culture g\u00e9n\u00e9rale (ECG). Pour Ansia, ce fut une \u00e9tape d\u00e9cisive dans la poursuite de son parcours en Suisse, puis dans l\u2019optique de pouvoir commencer une formation.<\/p>\n<\/div>\n\n\n\n<div class=\"wp-block-column is-layout-flow wp-block-column-is-layout-flow\">\n<figure class=\"wp-block-image size-full\"><img decoding=\"async\" width=\"1600\" height=\"1200\" loading=\"lazy\" loading=\"lazy\" loading=\"lazy\" loading=\"lazy\" src=\"https:\/\/haelg.ch\/app\/uploads\/2026\/02\/ansia-ashrafi-saentis.png\" alt=\"Ansia bei Tierwis mit Blick Richtung S\u00e4ntis.\" class=\"wp-image-210367\" srcset=\"https:\/\/haelg.ch\/app\/uploads\/2026\/02\/ansia-ashrafi-saentis.png 1600w, https:\/\/haelg.ch\/app\/uploads\/2026\/02\/ansia-ashrafi-saentis-300x225.png 300w, https:\/\/haelg.ch\/app\/uploads\/2026\/02\/ansia-ashrafi-saentis-1024x768.png 1024w, https:\/\/haelg.ch\/app\/uploads\/2026\/02\/ansia-ashrafi-saentis-768x576.png 768w, https:\/\/haelg.ch\/app\/uploads\/2026\/02\/ansia-ashrafi-saentis-1536x1152.png 1536w\" sizes=\"auto, (max-width: 1600px) 100vw, 1600px\" \/><figcaption class=\"wp-element-caption\">Ansia au Tierwis, regardant vers le S\u00e4ntis.<\/figcaption><\/figure>\n<\/div>\n<\/div>\n\n\n\n<div class=\"wp-block-columns is-layout-flex wp-container-core-columns-is-layout-28f84493 wp-block-columns-is-layout-flex\">\n<div class=\"wp-block-column is-layout-flow wp-block-column-is-layout-flow\">\n<h2 class=\"wp-block-heading\"><strong><strong><strong><strong>Un nouveau d\u00e9part en Suisse<\/strong><\/strong><\/strong><\/strong><\/h2>\n\n\n\n<p>Le voyage jusqu\u2019en Suisse a \u00e9t\u00e9 un parcours sem\u00e9 d\u2019emb\u00fbches pour Ansia Ashrafi. Pour fuir son pays, la famille a parcouru de longues distances \u00e0 pied, mais aussi travers\u00e9 des mers \u00e0 bord d\u2019une petite embarcation. Les d\u00e9buts ont \u00e9t\u00e9 particuli\u00e8rement \u00e9prouvants: n\u2019ayant pas encore re\u00e7u d\u2019autorisation, Ansia ignorait si elle pourrait rester en Suisse.<\/p>\n\n\n\n<figure class=\"wp-block-image alignleft size-full is-resized\"><img decoding=\"async\" width=\"1600\" height=\"1200\" loading=\"lazy\" loading=\"lazy\" loading=\"lazy\" loading=\"lazy\" src=\"https:\/\/haelg.ch\/app\/uploads\/2026\/02\/ansia-saentis-blick.png\" alt=\"Sie geniesst den Moment am Aussichtspunkt hoch \u00fcber den Wolken.\" class=\"wp-image-210378\" style=\"width:445px;height:auto\" srcset=\"https:\/\/haelg.ch\/app\/uploads\/2026\/02\/ansia-saentis-blick.png 1600w, https:\/\/haelg.ch\/app\/uploads\/2026\/02\/ansia-saentis-blick-300x225.png 300w, https:\/\/haelg.ch\/app\/uploads\/2026\/02\/ansia-saentis-blick-1024x768.png 1024w, https:\/\/haelg.ch\/app\/uploads\/2026\/02\/ansia-saentis-blick-768x576.png 768w, https:\/\/haelg.ch\/app\/uploads\/2026\/02\/ansia-saentis-blick-1536x1152.png 1536w\" sizes=\"auto, (max-width: 1600px) 100vw, 1600px\" \/><figcaption class=\"wp-element-caption\">Elle appr\u00e9cie l\u2019instant pr\u00e9sent depuis ce point de vue, au dessus des nuages.<\/figcaption><\/figure>\n\n\n\n<p>Malgr\u00e9 cette incertitude et les restrictions en Afghanistan, elle a r\u00e9ussi \u00e0 obtenir la maturit\u00e9. La stabilit\u00e9 et la motivation, elle les a trouv\u00e9es aupr\u00e8s de sa famille, chez un coach en int\u00e9gration ainsi que chez les ami(e)s dont elle a fait la connaissance en Suisse. Ce soutien l\u2019a aid\u00e9e \u00e0 trouver ses rep\u00e8res et \u00e0 s\u2019int\u00e9grer.<\/p>\n<\/div>\n<\/div>\n\n\n\n<div class=\"wp-block-columns is-layout-flex wp-container-core-columns-is-layout-28f84493 wp-block-columns-is-layout-flex\">\n<div class=\"wp-block-column is-layout-flow wp-block-column-is-layout-flow\">\n<h2 class=\"wp-block-heading\"><strong><strong><strong><strong>Bien int\u00e9gr\u00e9e dans la technique du b\u00e2timent<\/strong><\/strong><\/strong><\/strong><\/h2>\n\n\n\n<p>Ansia a trouv\u00e9 une place d\u2019apprentissage par le biais des services d\u2019orientation professionnelle. Ces derniers ont constat\u00e9 que les m\u00e9tiers techniques, o\u00f9 les math\u00e9matiques \u00e9taient importantes, convenaient bien \u00e0 son profil. Elle a donc postul\u00e9 et obtenu dans un premier temps un stage de d\u00e9couverte. Deux journ\u00e9es au cours desquelles elle a beaucoup appris. Elle a pu d\u00e9couvrir le m\u00e9tier de projeteuse en technique du b\u00e2timent et s\u2019est rendu compte que celui-ci lui convenait parfaitement. A l\u2019\u00e9t\u00e9 2025, elle a entam\u00e9 sa formation de <a href=\"https:\/\/haelg.ch\/fr\/travailler-chez-nous\/apprentissage-chez-nous\/formations-professionelles\/projeteur-technique-du-batiment-cfc\/\">projeteuse en technique du b\u00e2timent avec sp\u00e9cialisation Ventilation<\/a> au sein de <a href=\"http:\/\/st.gallen\">H\u00e4lg &amp; Cie SA \u00e0 St-Gall.<\/a><\/p>\n\n\n\n<figure class=\"wp-block-image alignright size-full is-resized\"><img decoding=\"async\" width=\"1600\" height=\"1200\" loading=\"lazy\" loading=\"lazy\" loading=\"lazy\" loading=\"lazy\" src=\"https:\/\/haelg.ch\/app\/uploads\/2026\/02\/ansia-arbeitsplatz.png\" alt=\"Ansia an ihrem Arbeitsplatz\" class=\"wp-image-210379\" style=\"width:487px;height:auto\" srcset=\"https:\/\/haelg.ch\/app\/uploads\/2026\/02\/ansia-arbeitsplatz.png 1600w, https:\/\/haelg.ch\/app\/uploads\/2026\/02\/ansia-arbeitsplatz-300x225.png 300w, https:\/\/haelg.ch\/app\/uploads\/2026\/02\/ansia-arbeitsplatz-1024x768.png 1024w, https:\/\/haelg.ch\/app\/uploads\/2026\/02\/ansia-arbeitsplatz-768x576.png 768w, https:\/\/haelg.ch\/app\/uploads\/2026\/02\/ansia-arbeitsplatz-1536x1152.png 1536w\" sizes=\"auto, (max-width: 1600px) 100vw, 1600px\" \/><figcaption class=\"wp-element-caption\">Ansia \u00e0 son poste de travail \u00e0 St-Gall.<\/figcaption><\/figure>\n\n\n\n<p>Apr\u00e8s quelque six mois, elle se sent tr\u00e8s bien dans sa formation et dans sa place d\u2019apprentissage. Elle estime qu\u2019elle a choisi la bonne voie professionnelle. Elle aime tout particuli\u00e8rement dessiner des plans et travaille de mani\u00e8re concentr\u00e9e sur les documents techniques. Pendant sa premi\u00e8re ann\u00e9e d\u2019apprentissage, elle a d\u00e9j\u00e0 appris \u00e0 assumer la responsabilit\u00e9 de son travail et \u00e0 travailler de mani\u00e8re autonome. Elle a pour objectif de boucler son apprentissage avec succ\u00e8s, puis d\u2019accumuler un maximum d\u2019exp\u00e9riences pratiques.<\/p>\n<\/div>\n<\/div>\n\n\n\n<div class=\"wp-block-columns is-layout-flex wp-container-core-columns-is-layout-28f84493 wp-block-columns-is-layout-flex\">\n<div class=\"wp-block-column is-layout-flow wp-block-column-is-layout-flow\">\n<h2 class=\"wp-block-heading\"><strong><strong><strong>Le soutien re\u00e7u de l\u2019\u00e9quipe fait la diff\u00e9rence<\/strong><\/strong><\/strong><\/h2>\n\n\n\n<p>D\u00e8s le premier jour, Ansia s\u2019est sentie la bienvenue au sein du d\u00e9partement Ventilation de H\u00e4lg &amp; Cie SA St-Gall. Son formateur prend le temps de r\u00e9pondre \u00e0 ses questions et lui a patiemment expliqu\u00e9 les processus. L\u2019organisation claire et structur\u00e9e du d\u00e9partement lui est particuli\u00e8rement utile, car ainsi, elle sait toujours ce qu\u2019on attend d\u2019elle.<\/p>\n\n\n\n<p>L\u2019\u00e9quipe la d\u00e9crit comme une personne ouverte, serviable et communicative, ce qui a grandement simplifi\u00e9 son entr\u00e9e en apprentissage. Ansia est fi\u00e8re de ses r\u00e9sultats scolaires et professionnels, et aussi d\u2019avoir trouv\u00e9 en Suisse une s\u00e9curit\u00e9 et de nouvelles perspectives.<\/p>\n\n\n\n<blockquote class=\"wp-block-quote is-layout-flow wp-block-quote-is-layout-flow\">\n<p>\u00abJe conseille aux nouveaux apprentis de travailler avec int\u00e9r\u00eat, d\u2019obtenir de bons r\u00e9sultats, de rechercher activement l\u2019\u00e9change au sein de l\u2019\u00e9quipe et de communiquer ouvertement. Cela facilite les d\u00e9buts, et renforce le plaisir d\u2019apprendre.\u00bb<\/p>\n<cite><strong><strong>Ansia Ashrafi, Planificatrice en technique du b\u00e2timent Ventilation en formation<\/strong><\/strong><\/cite><\/blockquote>\n\n\n\n<p>Ansia est tr\u00e8s reconnaissante du soutien, de la confiance et du bon accueil qu\u2019elle a trouv\u00e9s chez H\u00e4lg Group.<\/p>\n<\/div>\n<\/div>\n\n\n\n<div class=\"wp-block-columns is-layout-flex wp-container-core-columns-is-layout-28f84493 wp-block-columns-is-layout-flex\">\n<div class=\"wp-block-column is-layout-flow wp-block-column-is-layout-flow\"><\/div>\n<\/div>\n<\/div>\n\n\n\n<div class=\"wp-block-media-text has-media-on-the-right is-stacked-on-mobile is-image-fill-element has-background-color has-secondary-background-color has-text-color has-background has-link-color wp-elements-7894b199758b34f4285a9c07cfe22306\"><div class=\"wp-block-media-text__content\">\n<h2 class=\"wp-block-heading\">Ton apprentissage chez nous<\/h2>\n\n\n\n<p>Tu souhaites rejoindre la famille H\u00e4lg? Nous proposons au total douze m\u00e9tiers diff\u00e9rents dans le domaine de la technique du b\u00e2timent et du Facility Management.<\/p>\n\n\n\n<div class=\"wp-block-buttons is-style-list is-layout-flex wp-block-buttons-is-layout-flex\">\n<div class=\"wp-block-button is-style-outline is-style-outline--1\"><a class=\"wp-block-button__link wp-element-button\" href=\"https:\/\/haelg.ch\/fr\/travailler-chez-nous\/apprentissage-chez-nous\/\">En savoir plus sur ton apprentissage chez nous<\/a><\/div>\n\n\n\n<div class=\"wp-block-button is-style-outline is-style-outline--2\"><a class=\"wp-block-button__link wp-element-button\" href=\"https:\/\/haelg.ch\/fr\/travailler-chez-nous\/apprentissage-chez-nous\/places-d-apprentissage-libres\/\">Places d\u2019apprentissage libres<\/a><\/div>\n\n\n\n<div class=\"wp-block-button\"><a class=\"wp-block-button__link wp-element-button\" href=\"https:\/\/haelg.ch\/fr\/travailler-chez-nous\/apprentissage-chez-nous\/formations-professionelles\/\">Nos formations professionnelles<\/a><\/div>\n<\/div>\n<\/div><figure class=\"wp-block-media-text__media\"><img decoding=\"async\" width=\"1024\" height=\"768\" loading=\"lazy\" src=\"https:\/\/haelg.ch\/app\/uploads\/2025\/03\/haelg-hallo-lernender-fr-haelg-group_1600x1200-1024x768.jpg\" alt=\"Campagne Hello Avenir Hello H\u00e4lg\" class=\"wp-image-76144 size-full\" style=\"object-position:50% 50%\" srcset=\"https:\/\/haelg.ch\/app\/uploads\/2025\/03\/haelg-hallo-lernender-fr-haelg-group_1600x1200-1024x768.jpg 1024w, https:\/\/haelg.ch\/app\/uploads\/2025\/03\/haelg-hallo-lernender-fr-haelg-group_1600x1200-300x225.jpg 300w, https:\/\/haelg.ch\/app\/uploads\/2025\/03\/haelg-hallo-lernender-fr-haelg-group_1600x1200-768x576.jpg 768w, https:\/\/haelg.ch\/app\/uploads\/2025\/03\/haelg-hallo-lernender-fr-haelg-group_1600x1200-1536x1152.jpg 1536w, https:\/\/haelg.ch\/app\/uploads\/2025\/03\/haelg-hallo-lernender-fr-haelg-group_1600x1200.jpg 1600w\" sizes=\"auto, (max-width: 1024px) 100vw, 1024px\" \/><\/figure><\/div>\n\n\n\n<p><\/p>\n","protected":false},"excerpt":{"rendered":"<p>Il y a trois ans, Ansia Ashrafi a quitt\u00e9 l\u2019Afghanistan pour venir s\u2019installer en Suisse. En d\u00e9pit des barri\u00e8res linguistiques, des incertitudes pesant sur son statut de s\u00e9jour et des grandes difficult\u00e9s rencontr\u00e9es, elle a r\u00e9ussi \u00e0 apprendre l\u2019allemand, \u00e0 valider l\u2019enseignement de culture g\u00e9n\u00e9rale (ECG) et \u00e0 commencer un apprentissage en technique du b\u00e2timent. [&hellip;]<\/p>\n","protected":false},"author":9,"featured_media":210366,"comment_status":"closed","ping_status":"closed","sticky":false,"template":"","format":"standard","meta":{"_acf_changed":false,"inline_featured_image":false,"footnotes":""},"categories":[363,362,360],"tags":[],"class_list":["post-210372","post","type-post","status-publish","format-standard","has-post-thumbnail","hentry","category-focus-sur-les-collaborateurs","category-haelg-group-comme-employeur","category-mitarbeitende-im-fokus"],"acf":[],"yoast_head":"<!-- This site is optimized with the Yoast SEO plugin v27.3 - https:\/\/yoast.com\/product\/yoast-seo-wordpress\/ -->\n<title>De l\u2019Afghanistan \u00e0 la Suisse, le parcours d\u2019Ansia | H\u00e4lg Group<\/title>\n<meta name=\"description\" content=\"Ansia Ashrafi raconte son parcours depuis l&#039;Afghanistan jusqu&#039;\u00e0 la Suisse et ses d\u00e9buts en tant qu&#039;apprentie chez H\u00e4lg Group.\" \/>\n<meta name=\"robots\" content=\"index, follow, max-snippet:-1, max-image-preview:large, max-video-preview:-1\" \/>\n<link rel=\"canonical\" href=\"https:\/\/haelg.ch\/fr\/blog\/de-lafghanistan-a-la-suisse-le-parcours-dansia\/\" \/>\n<meta property=\"og:locale\" content=\"fr_FR\" \/>\n<meta property=\"og:type\" content=\"article\" \/>\n<meta property=\"og:title\" content=\"De l\u2019Afghanistan \u00e0 la Suisse, le parcours d\u2019Ansia | H\u00e4lg Group\" \/>\n<meta property=\"og:description\" content=\"Ansia Ashrafi raconte son parcours depuis l&#039;Afghanistan jusqu&#039;\u00e0 la Suisse et ses d\u00e9buts en tant qu&#039;apprentie chez H\u00e4lg Group.\" \/>\n<meta property=\"og:url\" content=\"https:\/\/haelg.ch\/fr\/blog\/de-lafghanistan-a-la-suisse-le-parcours-dansia\/\" \/>\n<meta property=\"og:site_name\" content=\"H\u00e4lg Group\" \/>\n<meta property=\"article:publisher\" content=\"https:\/\/www.facebook.com\/haelg.ch\" \/>\n<meta property=\"article:published_time\" content=\"2026-02-23T14:41:25+00:00\" \/>\n<meta property=\"article:modified_time\" content=\"2026-02-23T14:47:16+00:00\" \/>\n<meta property=\"og:image\" content=\"https:\/\/haelg.ch\/app\/uploads\/2026\/02\/ansia-ashrafi-haelg-group.png\" \/>\n\t<meta property=\"og:image:width\" content=\"1000\" \/>\n\t<meta property=\"og:image:height\" content=\"1000\" \/>\n\t<meta property=\"og:image:type\" content=\"image\/png\" \/>\n<meta name=\"author\" content=\"Laurentina Fetaj\" \/>\n<meta name=\"twitter:card\" content=\"summary_large_image\" \/>\n<meta name=\"twitter:label1\" content=\"\u00c9crit par\" \/>\n\t<meta name=\"twitter:data1\" content=\"Laurentina Fetaj\" \/>\n\t<meta name=\"twitter:label2\" content=\"Dur\u00e9e de lecture estim\u00e9e\" \/>\n\t<meta name=\"twitter:data2\" content=\"6 minutes\" \/>\n<script type=\"application\/ld+json\" class=\"yoast-schema-graph\">{\"@context\":\"https:\\\/\\\/schema.org\",\"@graph\":[{\"@type\":\"Article\",\"@id\":\"https:\\\/\\\/haelg.ch\\\/fr\\\/blog\\\/de-lafghanistan-a-la-suisse-le-parcours-dansia\\\/#article\",\"isPartOf\":{\"@id\":\"https:\\\/\\\/haelg.ch\\\/fr\\\/blog\\\/de-lafghanistan-a-la-suisse-le-parcours-dansia\\\/\"},\"author\":{\"name\":\"Laurentina Fetaj\",\"@id\":\"https:\\\/\\\/haelg.ch\\\/fr\\\/#\\\/schema\\\/person\\\/a97903fef9505192dbb467b4a16bba93\"},\"headline\":\"De l\u2019Afghanistan \u00e0 la Suisse, le parcours d\u2019Ansia\",\"datePublished\":\"2026-02-23T14:41:25+00:00\",\"dateModified\":\"2026-02-23T14:47:16+00:00\",\"mainEntityOfPage\":{\"@id\":\"https:\\\/\\\/haelg.ch\\\/fr\\\/blog\\\/de-lafghanistan-a-la-suisse-le-parcours-dansia\\\/\"},\"wordCount\":906,\"publisher\":{\"@id\":\"https:\\\/\\\/haelg.ch\\\/fr\\\/#organization\"},\"image\":{\"@id\":\"https:\\\/\\\/haelg.ch\\\/fr\\\/blog\\\/de-lafghanistan-a-la-suisse-le-parcours-dansia\\\/#primaryimage\"},\"thumbnailUrl\":\"https:\\\/\\\/haelg.ch\\\/app\\\/uploads\\\/2026\\\/02\\\/ansia-ashrafi-haelg-group.png\",\"articleSection\":[\"Focus sur les collaborateurs\",\"H\u00e4lg Group comme employeur\",\"Mitarbeitende im Fokus\"],\"inLanguage\":\"fr-FR\"},{\"@type\":\"WebPage\",\"@id\":\"https:\\\/\\\/haelg.ch\\\/fr\\\/blog\\\/de-lafghanistan-a-la-suisse-le-parcours-dansia\\\/\",\"url\":\"https:\\\/\\\/haelg.ch\\\/fr\\\/blog\\\/de-lafghanistan-a-la-suisse-le-parcours-dansia\\\/\",\"name\":\"De l\u2019Afghanistan \u00e0 la Suisse, le parcours d\u2019Ansia | H\u00e4lg Group\",\"isPartOf\":{\"@id\":\"https:\\\/\\\/haelg.ch\\\/fr\\\/#website\"},\"primaryImageOfPage\":{\"@id\":\"https:\\\/\\\/haelg.ch\\\/fr\\\/blog\\\/de-lafghanistan-a-la-suisse-le-parcours-dansia\\\/#primaryimage\"},\"image\":{\"@id\":\"https:\\\/\\\/haelg.ch\\\/fr\\\/blog\\\/de-lafghanistan-a-la-suisse-le-parcours-dansia\\\/#primaryimage\"},\"thumbnailUrl\":\"https:\\\/\\\/haelg.ch\\\/app\\\/uploads\\\/2026\\\/02\\\/ansia-ashrafi-haelg-group.png\",\"datePublished\":\"2026-02-23T14:41:25+00:00\",\"dateModified\":\"2026-02-23T14:47:16+00:00\",\"description\":\"Ansia Ashrafi raconte son parcours depuis l'Afghanistan jusqu'\u00e0 la Suisse et ses d\u00e9buts en tant qu'apprentie chez H\u00e4lg Group.\",\"breadcrumb\":{\"@id\":\"https:\\\/\\\/haelg.ch\\\/fr\\\/blog\\\/de-lafghanistan-a-la-suisse-le-parcours-dansia\\\/#breadcrumb\"},\"inLanguage\":\"fr-FR\",\"potentialAction\":[{\"@type\":\"ReadAction\",\"target\":[\"https:\\\/\\\/haelg.ch\\\/fr\\\/blog\\\/de-lafghanistan-a-la-suisse-le-parcours-dansia\\\/\"]}]},{\"@type\":\"ImageObject\",\"inLanguage\":\"fr-FR\",\"@id\":\"https:\\\/\\\/haelg.ch\\\/fr\\\/blog\\\/de-lafghanistan-a-la-suisse-le-parcours-dansia\\\/#primaryimage\",\"url\":\"https:\\\/\\\/haelg.ch\\\/app\\\/uploads\\\/2026\\\/02\\\/ansia-ashrafi-haelg-group.png\",\"contentUrl\":\"https:\\\/\\\/haelg.ch\\\/app\\\/uploads\\\/2026\\\/02\\\/ansia-ashrafi-haelg-group.png\",\"width\":1000,\"height\":1000,\"caption\":\"Ansia Ashrafi\"},{\"@type\":\"BreadcrumbList\",\"@id\":\"https:\\\/\\\/haelg.ch\\\/fr\\\/blog\\\/de-lafghanistan-a-la-suisse-le-parcours-dansia\\\/#breadcrumb\",\"itemListElement\":[{\"@type\":\"ListItem\",\"position\":1,\"name\":\"Accueil\",\"item\":\"https:\\\/\\\/haelg.ch\\\/fr\\\/\"},{\"@type\":\"ListItem\",\"position\":2,\"name\":\"De l\u2019Afghanistan \u00e0 la Suisse, le parcours d\u2019Ansia\"}]},{\"@type\":\"WebSite\",\"@id\":\"https:\\\/\\\/haelg.ch\\\/fr\\\/#website\",\"url\":\"https:\\\/\\\/haelg.ch\\\/fr\\\/\",\"name\":\"H\u00e4lg Group\",\"description\":\"\",\"publisher\":{\"@id\":\"https:\\\/\\\/haelg.ch\\\/fr\\\/#organization\"},\"potentialAction\":[{\"@type\":\"SearchAction\",\"target\":{\"@type\":\"EntryPoint\",\"urlTemplate\":\"https:\\\/\\\/haelg.ch\\\/fr\\\/?s={search_term_string}\"},\"query-input\":{\"@type\":\"PropertyValueSpecification\",\"valueRequired\":true,\"valueName\":\"search_term_string\"}}],\"inLanguage\":\"fr-FR\"},{\"@type\":\"Organization\",\"@id\":\"https:\\\/\\\/haelg.ch\\\/fr\\\/#organization\",\"name\":\"H\u00e4lg Group\",\"url\":\"https:\\\/\\\/haelg.ch\\\/fr\\\/\",\"logo\":{\"@type\":\"ImageObject\",\"inLanguage\":\"fr-FR\",\"@id\":\"https:\\\/\\\/haelg.ch\\\/fr\\\/#\\\/schema\\\/logo\\\/image\\\/\",\"url\":\"https:\\\/\\\/haelg.ch\\\/app\\\/uploads\\\/2025\\\/01\\\/haelg-group-logo_1800x1200.jpg\",\"contentUrl\":\"https:\\\/\\\/haelg.ch\\\/app\\\/uploads\\\/2025\\\/01\\\/haelg-group-logo_1800x1200.jpg\",\"width\":1620,\"height\":1080,\"caption\":\"H\u00e4lg Group\"},\"image\":{\"@id\":\"https:\\\/\\\/haelg.ch\\\/fr\\\/#\\\/schema\\\/logo\\\/image\\\/\"},\"sameAs\":[\"https:\\\/\\\/www.facebook.com\\\/haelg.ch\",\"https:\\\/\\\/www.linkedin.com\\\/company\\\/haelggroup\\\/\",\"https:\\\/\\\/www.instagram.com\\\/haelg.group\\\/\",\"https:\\\/\\\/www.youtube.com\\\/channel\\\/UCCP6yzfvj3o6gA9J5L0QJCg\\\/videos\",\"https:\\\/\\\/www.kununu.com\\\/ch\\\/haelg-group\"]},{\"@type\":\"Person\",\"@id\":\"https:\\\/\\\/haelg.ch\\\/fr\\\/#\\\/schema\\\/person\\\/a97903fef9505192dbb467b4a16bba93\",\"name\":\"Laurentina Fetaj\",\"image\":{\"@type\":\"ImageObject\",\"inLanguage\":\"fr-FR\",\"@id\":\"https:\\\/\\\/secure.gravatar.com\\\/avatar\\\/63752164cf6b241efe4e36062bbbfabc43fa3cdf5cc96af8e896a35f4ee16426?s=96&d=mm&r=g\",\"url\":\"https:\\\/\\\/secure.gravatar.com\\\/avatar\\\/63752164cf6b241efe4e36062bbbfabc43fa3cdf5cc96af8e896a35f4ee16426?s=96&d=mm&r=g\",\"contentUrl\":\"https:\\\/\\\/secure.gravatar.com\\\/avatar\\\/63752164cf6b241efe4e36062bbbfabc43fa3cdf5cc96af8e896a35f4ee16426?s=96&d=mm&r=g\",\"caption\":\"Laurentina Fetaj\"}}]}<\/script>\n<!-- \/ Yoast SEO plugin. -->","yoast_head_json":{"title":"De l\u2019Afghanistan \u00e0 la Suisse, le parcours d\u2019Ansia | H\u00e4lg Group","description":"Ansia Ashrafi raconte son parcours depuis l'Afghanistan jusqu'\u00e0 la Suisse et ses d\u00e9buts en tant qu'apprentie chez H\u00e4lg Group.","robots":{"index":"index","follow":"follow","max-snippet":"max-snippet:-1","max-image-preview":"max-image-preview:large","max-video-preview":"max-video-preview:-1"},"canonical":"https:\/\/haelg.ch\/fr\/blog\/de-lafghanistan-a-la-suisse-le-parcours-dansia\/","og_locale":"fr_FR","og_type":"article","og_title":"De l\u2019Afghanistan \u00e0 la Suisse, le parcours d\u2019Ansia | H\u00e4lg Group","og_description":"Ansia Ashrafi raconte son parcours depuis l'Afghanistan jusqu'\u00e0 la Suisse et ses d\u00e9buts en tant qu'apprentie chez H\u00e4lg Group.","og_url":"https:\/\/haelg.ch\/fr\/blog\/de-lafghanistan-a-la-suisse-le-parcours-dansia\/","og_site_name":"H\u00e4lg Group","article_publisher":"https:\/\/www.facebook.com\/haelg.ch","article_published_time":"2026-02-23T14:41:25+00:00","article_modified_time":"2026-02-23T14:47:16+00:00","og_image":[{"url":"https:\/\/haelg.ch\/app\/uploads\/2026\/02\/ansia-ashrafi-haelg-group.png","width":1000,"height":1000,"type":"image\/png"}],"author":"Laurentina Fetaj","twitter_card":"summary_large_image","twitter_misc":{"\u00c9crit par":"Laurentina Fetaj","Dur\u00e9e de lecture estim\u00e9e":"6 minutes"},"schema":{"@context":"https:\/\/schema.org","@graph":[{"@type":"Article","@id":"https:\/\/haelg.ch\/fr\/blog\/de-lafghanistan-a-la-suisse-le-parcours-dansia\/#article","isPartOf":{"@id":"https:\/\/haelg.ch\/fr\/blog\/de-lafghanistan-a-la-suisse-le-parcours-dansia\/"},"author":{"name":"Laurentina Fetaj","@id":"https:\/\/haelg.ch\/fr\/#\/schema\/person\/a97903fef9505192dbb467b4a16bba93"},"headline":"De l\u2019Afghanistan \u00e0 la Suisse, le parcours d\u2019Ansia","datePublished":"2026-02-23T14:41:25+00:00","dateModified":"2026-02-23T14:47:16+00:00","mainEntityOfPage":{"@id":"https:\/\/haelg.ch\/fr\/blog\/de-lafghanistan-a-la-suisse-le-parcours-dansia\/"},"wordCount":906,"publisher":{"@id":"https:\/\/haelg.ch\/fr\/#organization"},"image":{"@id":"https:\/\/haelg.ch\/fr\/blog\/de-lafghanistan-a-la-suisse-le-parcours-dansia\/#primaryimage"},"thumbnailUrl":"https:\/\/haelg.ch\/app\/uploads\/2026\/02\/ansia-ashrafi-haelg-group.png","articleSection":["Focus sur les collaborateurs","H\u00e4lg Group comme employeur","Mitarbeitende im Fokus"],"inLanguage":"fr-FR"},{"@type":"WebPage","@id":"https:\/\/haelg.ch\/fr\/blog\/de-lafghanistan-a-la-suisse-le-parcours-dansia\/","url":"https:\/\/haelg.ch\/fr\/blog\/de-lafghanistan-a-la-suisse-le-parcours-dansia\/","name":"De l\u2019Afghanistan \u00e0 la Suisse, le parcours d\u2019Ansia | H\u00e4lg Group","isPartOf":{"@id":"https:\/\/haelg.ch\/fr\/#website"},"primaryImageOfPage":{"@id":"https:\/\/haelg.ch\/fr\/blog\/de-lafghanistan-a-la-suisse-le-parcours-dansia\/#primaryimage"},"image":{"@id":"https:\/\/haelg.ch\/fr\/blog\/de-lafghanistan-a-la-suisse-le-parcours-dansia\/#primaryimage"},"thumbnailUrl":"https:\/\/haelg.ch\/app\/uploads\/2026\/02\/ansia-ashrafi-haelg-group.png","datePublished":"2026-02-23T14:41:25+00:00","dateModified":"2026-02-23T14:47:16+00:00","description":"Ansia Ashrafi raconte son parcours depuis l'Afghanistan jusqu'\u00e0 la Suisse et ses d\u00e9buts en tant qu'apprentie chez H\u00e4lg Group.","breadcrumb":{"@id":"https:\/\/haelg.ch\/fr\/blog\/de-lafghanistan-a-la-suisse-le-parcours-dansia\/#breadcrumb"},"inLanguage":"fr-FR","potentialAction":[{"@type":"ReadAction","target":["https:\/\/haelg.ch\/fr\/blog\/de-lafghanistan-a-la-suisse-le-parcours-dansia\/"]}]},{"@type":"ImageObject","inLanguage":"fr-FR","@id":"https:\/\/haelg.ch\/fr\/blog\/de-lafghanistan-a-la-suisse-le-parcours-dansia\/#primaryimage","url":"https:\/\/haelg.ch\/app\/uploads\/2026\/02\/ansia-ashrafi-haelg-group.png","contentUrl":"https:\/\/haelg.ch\/app\/uploads\/2026\/02\/ansia-ashrafi-haelg-group.png","width":1000,"height":1000,"caption":"Ansia Ashrafi"},{"@type":"BreadcrumbList","@id":"https:\/\/haelg.ch\/fr\/blog\/de-lafghanistan-a-la-suisse-le-parcours-dansia\/#breadcrumb","itemListElement":[{"@type":"ListItem","position":1,"name":"Accueil","item":"https:\/\/haelg.ch\/fr\/"},{"@type":"ListItem","position":2,"name":"De l\u2019Afghanistan \u00e0 la Suisse, le parcours d\u2019Ansia"}]},{"@type":"WebSite","@id":"https:\/\/haelg.ch\/fr\/#website","url":"https:\/\/haelg.ch\/fr\/","name":"H\u00e4lg Group","description":"","publisher":{"@id":"https:\/\/haelg.ch\/fr\/#organization"},"potentialAction":[{"@type":"SearchAction","target":{"@type":"EntryPoint","urlTemplate":"https:\/\/haelg.ch\/fr\/?s={search_term_string}"},"query-input":{"@type":"PropertyValueSpecification","valueRequired":true,"valueName":"search_term_string"}}],"inLanguage":"fr-FR"},{"@type":"Organization","@id":"https:\/\/haelg.ch\/fr\/#organization","name":"H\u00e4lg Group","url":"https:\/\/haelg.ch\/fr\/","logo":{"@type":"ImageObject","inLanguage":"fr-FR","@id":"https:\/\/haelg.ch\/fr\/#\/schema\/logo\/image\/","url":"https:\/\/haelg.ch\/app\/uploads\/2025\/01\/haelg-group-logo_1800x1200.jpg","contentUrl":"https:\/\/haelg.ch\/app\/uploads\/2025\/01\/haelg-group-logo_1800x1200.jpg","width":1620,"height":1080,"caption":"H\u00e4lg Group"},"image":{"@id":"https:\/\/haelg.ch\/fr\/#\/schema\/logo\/image\/"},"sameAs":["https:\/\/www.facebook.com\/haelg.ch","https:\/\/www.linkedin.com\/company\/haelggroup\/","https:\/\/www.instagram.com\/haelg.group\/","https:\/\/www.youtube.com\/channel\/UCCP6yzfvj3o6gA9J5L0QJCg\/videos","https:\/\/www.kununu.com\/ch\/haelg-group"]},{"@type":"Person","@id":"https:\/\/haelg.ch\/fr\/#\/schema\/person\/a97903fef9505192dbb467b4a16bba93","name":"Laurentina Fetaj","image":{"@type":"ImageObject","inLanguage":"fr-FR","@id":"https:\/\/secure.gravatar.com\/avatar\/63752164cf6b241efe4e36062bbbfabc43fa3cdf5cc96af8e896a35f4ee16426?s=96&d=mm&r=g","url":"https:\/\/secure.gravatar.com\/avatar\/63752164cf6b241efe4e36062bbbfabc43fa3cdf5cc96af8e896a35f4ee16426?s=96&d=mm&r=g","contentUrl":"https:\/\/secure.gravatar.com\/avatar\/63752164cf6b241efe4e36062bbbfabc43fa3cdf5cc96af8e896a35f4ee16426?s=96&d=mm&r=g","caption":"Laurentina Fetaj"}}]}},"_links":{"self":[{"href":"https:\/\/haelg.ch\/fr\/wp-json\/wp\/v2\/posts\/210372","targetHints":{"allow":["GET"]}}],"collection":[{"href":"https:\/\/haelg.ch\/fr\/wp-json\/wp\/v2\/posts"}],"about":[{"href":"https:\/\/haelg.ch\/fr\/wp-json\/wp\/v2\/types\/post"}],"author":[{"embeddable":true,"href":"https:\/\/haelg.ch\/fr\/wp-json\/wp\/v2\/users\/9"}],"replies":[{"embeddable":true,"href":"https:\/\/haelg.ch\/fr\/wp-json\/wp\/v2\/comments?post=210372"}],"version-history":[{"count":19,"href":"https:\/\/haelg.ch\/fr\/wp-json\/wp\/v2\/posts\/210372\/revisions"}],"predecessor-version":[{"id":210412,"href":"https:\/\/haelg.ch\/fr\/wp-json\/wp\/v2\/posts\/210372\/revisions\/210412"}],"wp:featuredmedia":[{"embeddable":true,"href":"https:\/\/haelg.ch\/fr\/wp-json\/wp\/v2\/media\/210366"}],"wp:attachment":[{"href":"https:\/\/haelg.ch\/fr\/wp-json\/wp\/v2\/media?parent=210372"}],"wp:term":[{"taxonomy":"category","embeddable":true,"href":"https:\/\/haelg.ch\/fr\/wp-json\/wp\/v2\/categories?post=210372"},{"taxonomy":"post_tag","embeddable":true,"href":"https:\/\/haelg.ch\/fr\/wp-json\/wp\/v2\/tags?post=210372"}],"curies":[{"name":"wp","href":"https:\/\/api.w.org\/{rel}","templated":true}]}}