{"id":214809,"date":"2026-03-16T07:54:08","date_gmt":"2026-03-16T06:54:08","guid":{"rendered":"https:\/\/haelg.ch\/?p=214809"},"modified":"2026-03-16T07:55:00","modified_gmt":"2026-03-16T06:55:00","slug":"centrale-de-ventilation-sur-le-toit-un-point-de-mire","status":"publish","type":"post","link":"https:\/\/haelg.ch\/fr\/blog\/centrale-de-ventilation-sur-le-toit-un-point-de-mire\/","title":{"rendered":"Centrale de ventilation sur le toit, un point de mire"},"content":{"rendered":"\n<div class=\"wp-block-group is-style-shadow is-layout-constrained wp-block-group-is-layout-constrained\">\n<p class=\"has-large-font-size\"><strong>Huber Kunststoff AG est une entreprise familiale forte de 50 ann\u00e9es d\u2019exp\u00e9rience. Pour sa nouvelle construction \u00e0 Gossau, elle s\u2019est adress\u00e9e \u00e0 un partenaire comp\u00e9tent, H\u00e4lg &amp; Cie SA St-Gall, qui offre des pres tations globales dans le domaine de la ventilation \/ climatisation, du chauffage \/ froid et du sanitaire.<\/strong><\/p>\n\n\n<div class=\"wp-block wp-custom-block-author\"><div class=\"author-name\">Tamara Bosshard<\/div><div class=\"author-bio\"><\/div><\/div>\n\n\n<div class=\"wp-block-columns is-layout-flex wp-container-core-columns-is-layout-28f84493 wp-block-columns-is-layout-flex\">\n<div class=\"wp-block-column is-layout-flow wp-block-column-is-layout-flow\">\n<p>Depuis cinquante ans, Huber Kunststoff AG, bas\u00e9e \u00e0 Gossau, con\u00e7oit et fabrique des pi\u00e8ces et des assemblages en plastique destin\u00e9s \u00e0 diverses industries et applications. Ces pi\u00e8ces sont produites par moulage par injection. En outre, la soci\u00e9t\u00e9 propose des services de conseil, de d\u00e9veloppement et la r\u00e9alisation d\u2019outils.<\/p>\n<\/div>\n<\/div>\n\n\n\n<div class=\"wp-block-columns is-layout-flex wp-container-core-columns-is-layout-28f84493 wp-block-columns-is-layout-flex\">\n<div class=\"wp-block-column is-layout-flow wp-block-column-is-layout-flow\">\n<h2 class=\"wp-block-heading\"><strong><strong>Nouveau site pour l\u2019expansion<\/strong><\/strong><\/h2>\n\n\n\n<figure class=\"wp-block-image alignright size-full is-resized\"><img decoding=\"async\" width=\"1600\" height=\"1200\" loading=\"lazy\" loading=\"lazy\" loading=\"lazy\" loading=\"lazy\" src=\"https:\/\/haelg.ch\/app\/uploads\/2026\/02\/huber-kunststoffe-ag-gossau-2025-96-haelg-group_1600x1200.jpg\" alt=\"Neubau Huber Kunststoffe AG in Gossau\" class=\"wp-image-205895\" style=\"width:445px;height:auto\" srcset=\"https:\/\/haelg.ch\/app\/uploads\/2026\/02\/huber-kunststoffe-ag-gossau-2025-96-haelg-group_1600x1200.jpg 1600w, https:\/\/haelg.ch\/app\/uploads\/2026\/02\/huber-kunststoffe-ag-gossau-2025-96-haelg-group_1600x1200-300x225.jpg 300w, https:\/\/haelg.ch\/app\/uploads\/2026\/02\/huber-kunststoffe-ag-gossau-2025-96-haelg-group_1600x1200-1024x768.jpg 1024w, https:\/\/haelg.ch\/app\/uploads\/2026\/02\/huber-kunststoffe-ag-gossau-2025-96-haelg-group_1600x1200-768x576.jpg 768w, https:\/\/haelg.ch\/app\/uploads\/2026\/02\/huber-kunststoffe-ag-gossau-2025-96-haelg-group_1600x1200-1536x1152.jpg 1536w\" sizes=\"auto, (max-width: 1600px) 100vw, 1600px\" \/><\/figure>\n\n\n\n<p>La croissance continue du fabricant a necessit\u00e9 la construction d\u2019un nouveau b\u00e2timent et donc d\u2019un nouveau site, que le personnel a pu int\u00e9gr\u00e9 durant l\u2019\u00e9t\u00e9 2025. 224 piliers forment les fondations du nouveau b\u00e2timent Huber. L\u2019unit\u00e9 de production situ\u00e9e dans le quartier \u00abSommerau\u00bb \u00e0 Gossau s\u2019\u00e9l\u00e8ve sur 19 m\u00e8tres. La zone pour le Moulage par injection couvre 1400 m\u00e8tres carr\u00e9s, celle pour la r\u00e9alisation d\u2019outils 1080. En dehors de l\u2019installation photovolta\u00efque sur la toiture, compos\u00e9e de 469 panneaux, on a mis en place, dans l\u2019espace libre, un parc solaire constitu\u00e9 de 1335 autres panneaux.<\/p>\n<\/div>\n<\/div>\n\n\n\n<div class=\"wp-block-columns is-layout-flex wp-container-core-columns-is-layout-28f84493 wp-block-columns-is-layout-flex\">\n<div class=\"wp-block-column is-layout-flow wp-block-column-is-layout-flow\">\n<h2 class=\"wp-block-heading\">Technique du b\u00e2timent du m\u00eame fournisseur<\/h2>\n\n\n\n<figure class=\"wp-block-image alignleft size-full is-resized\"><img decoding=\"async\" width=\"1600\" height=\"1200\" loading=\"lazy\" loading=\"lazy\" loading=\"lazy\" loading=\"lazy\" src=\"https:\/\/haelg.ch\/app\/uploads\/2026\/02\/huber-kunststoffe-ag-gossau-2025-22-haelg-group_1600x1200.jpg\" alt=\"L\u00fcftungsteam der H\u00e4lg &amp; Co. AG St.Gallen vor einer L\u00fcftungsanlage\" class=\"wp-image-205907\" style=\"width:487px;height:auto\" srcset=\"https:\/\/haelg.ch\/app\/uploads\/2026\/02\/huber-kunststoffe-ag-gossau-2025-22-haelg-group_1600x1200.jpg 1600w, https:\/\/haelg.ch\/app\/uploads\/2026\/02\/huber-kunststoffe-ag-gossau-2025-22-haelg-group_1600x1200-300x225.jpg 300w, https:\/\/haelg.ch\/app\/uploads\/2026\/02\/huber-kunststoffe-ag-gossau-2025-22-haelg-group_1600x1200-1024x768.jpg 1024w, https:\/\/haelg.ch\/app\/uploads\/2026\/02\/huber-kunststoffe-ag-gossau-2025-22-haelg-group_1600x1200-768x576.jpg 768w, https:\/\/haelg.ch\/app\/uploads\/2026\/02\/huber-kunststoffe-ag-gossau-2025-22-haelg-group_1600x1200-1536x1152.jpg 1536w\" sizes=\"auto, (max-width: 1600px) 100vw, 1600px\" \/><\/figure>\n\n\n\n<p>Pour le compte de l\u2019entreprise totale IE Engineering Z\u00fcrich AG, <a href=\"https:\/\/haelg.ch\/fr\/offre\/installation\/st-gall\/\" type=\"page\" id=\"45879\">H\u00e4lg &amp; Cie SA St-Gall<\/a> a ex\u00e9cut\u00e9 tous les syst\u00e8mes de ventilation \/ climatisation, chauffage \/ froid et sanitaire. H\u00e4lg Group avait d\u00e9j\u00e0 pu \u00e9tablir de bonnes relations avec Huber Kunststoff AG sur son ancien site. Le groupe a eu l\u2019occasion d\u2019y assurer la maintenance des \u00e9quipements cit\u00e9s.<\/p>\n\n\n\n<p>L\u2019ordre comprenait la livraison et le montage des <a href=\"https:\/\/haelg.ch\/fr\/offre\/installation\/ventilation-climatisation\/\" type=\"page\" id=\"51970\">installations et composants complets<\/a>, la planification d\u2019atelier, la mise en service de m\u00eame que les r\u00e9glages. On a install\u00e9 sur le toit trois appareils de ventilation, que l\u2019on a raccord\u00e9s au syst\u00e8me de conduites.<\/p>\n\n\n\n<p>Pour le <a href=\"https:\/\/haelg.ch\/fr\/offre\/installation\/chauffage-froid\/\" type=\"page\" id=\"51957\">chauffage et le froid<\/a>, une centrale compos\u00e9e d\u2019une machine frigorifique, d\u2019une pompe \u00e0 chaleur r\u00e9versible air-eau, d\u2019un refroidisseur \u00e0 sec hybride en circuit ferm\u00e9 et d\u2019un accumulateur<br>destin\u00e9 au refroidissement des machines a \u00e9t\u00e9 r\u00e9alis\u00e9e \u00e0 l\u2019aide d\u2019\u00e9l\u00e9ments pr\u00e9fabriqu\u00e9s en acier inoxydable. L\u2019\u00e9quipe a aussi <a href=\"https:\/\/haelg.ch\/fr\/offre\/installation\/sanitaire\/\" type=\"page\" id=\"51959\">install\u00e9 les \u00e9quipements sanitaires<\/a>. Ces travaux englobaient entre autres les conduites d\u2019extinction, d\u2019air s\u00e8ches et d\u2019air comprim\u00e9 pour la production.<\/p>\n<\/div>\n<\/div>\n\n\n\n<blockquote class=\"wp-block-quote is-layout-flow wp-block-quote-is-layout-flow\">\n<p>\u00abNous avons pu d\u00e9marrer la production sur le nouveau site conform\u00e9ment les pr\u00e9visions. L\u2019\u00e9tat des installations et des machines sur notre toit et dans la centrale technique illustre de mani\u00e8re concr\u00e8te<br>le respect des d\u00e9lais. Nous nous r\u00e9jouissons de poursuivre notre collaboration.\u00bb<\/p>\n<cite><strong>Reto Huber, directeur et propri\u00e9taire de Huber Kunststoff AG<\/strong><\/cite><\/blockquote>\n\n\n\n<div class=\"wp-block-columns is-layout-flex wp-container-core-columns-is-layout-28f84493 wp-block-columns-is-layout-flex\">\n<div class=\"wp-block-column is-layout-flow wp-block-column-is-layout-flow\">\n<h2 class=\"wp-block-heading\">Pr\u00e9fabrication interne<\/h2>\n\n\n\n<figure class=\"wp-block-image alignright size-full is-resized\"><img decoding=\"async\" width=\"1600\" height=\"1200\" loading=\"lazy\" loading=\"lazy\" loading=\"lazy\" loading=\"lazy\" src=\"https:\/\/haelg.ch\/app\/uploads\/2026\/02\/huber-kunststoffe-ag-gossau-2025-45-haelg-group_1600x1200.jpg\" alt=\"Heizung\/K\u00e4lte f\u00fcr Huber Kunststoffe AG in Gossau\" class=\"wp-image-205886\" style=\"width:445px;height:auto\" srcset=\"https:\/\/haelg.ch\/app\/uploads\/2026\/02\/huber-kunststoffe-ag-gossau-2025-45-haelg-group_1600x1200.jpg 1600w, https:\/\/haelg.ch\/app\/uploads\/2026\/02\/huber-kunststoffe-ag-gossau-2025-45-haelg-group_1600x1200-300x225.jpg 300w, https:\/\/haelg.ch\/app\/uploads\/2026\/02\/huber-kunststoffe-ag-gossau-2025-45-haelg-group_1600x1200-1024x768.jpg 1024w, https:\/\/haelg.ch\/app\/uploads\/2026\/02\/huber-kunststoffe-ag-gossau-2025-45-haelg-group_1600x1200-768x576.jpg 768w, https:\/\/haelg.ch\/app\/uploads\/2026\/02\/huber-kunststoffe-ag-gossau-2025-45-haelg-group_1600x1200-1536x1152.jpg 1536w\" sizes=\"auto, (max-width: 1600px) 100vw, 1600px\" \/><\/figure>\n\n\n\n<p>La centrale de ventilation install\u00e9e sur le toit du b\u00e2timent est visible de loin et constitue, de ce fait, un \u00e9l\u00e9ment architectural important. R\u00e9aliser une installation<br>r\u00e9sistante au vent et aux intemp\u00e9ries a pos\u00e9 un d\u00e9fi particulier. Pour cela, il a fallu monter les grands monoblocs avec de grands conduits.<\/p>\n\n\n\n<p>La capacit\u00e9 de H\u00e4lg &amp; Cie SA \u00e0 ex\u00e9cuter<br>dans son vaste atelier \u00e0 St-Gall la centrale de chauffage et de froid \u00e0 l\u2019aide de structures pr\u00e9fabriqu\u00e9es en acier inoxydable a sans doute constitu\u00e9 un atout dans le choix des fournisseurs et des partenaires. Apr\u00e8s l\u2019ach\u00e8vement du projet, H\u00e4lg Group a aussi eu le plaisir de se voir confier la maintenance des installations dans<br>le cadre d\u2019un contrat SAV.<\/p>\n<\/div>\n<\/div>\n<\/div>\n\n\n\n<div class=\"wp-block-group alignfull has-lightgray-background-color has-background is-layout-constrained wp-block-group-is-layout-constrained\">\n<h2 class=\"wp-block-heading has-text-align-center\">Impressions<\/h2>\n\n\n\n<div class=\"wp-block-group is-style-narrow-10-12 is-layout-constrained wp-block-group-is-layout-constrained\">\n<figure class=\"wp-block-gallery has-nested-images columns-default is-cropped wp-block-gallery-1 is-layout-flex wp-block-gallery-is-layout-flex\">\n<figure class=\"wp-block-image size-large\"><a href=\"https:\/\/haelg.ch\/app\/uploads\/2026\/02\/huber-kunststoffe-ag-gossau-2025-24-haelg-group_1600x1200.jpg\"><img decoding=\"async\" width=\"1024\" height=\"768\" loading=\"lazy\" loading=\"lazy\" loading=\"lazy\" loading=\"lazy\" data-id=\"205910\" src=\"https:\/\/haelg.ch\/app\/uploads\/2026\/02\/huber-kunststoffe-ag-gossau-2025-24-haelg-group_1600x1200-1024x768.jpg\" alt=\"L\u00fcftung\/Klima f\u00fcr Huber Kunststoffe AG in Gossau\" class=\"wp-image-205910\" srcset=\"https:\/\/haelg.ch\/app\/uploads\/2026\/02\/huber-kunststoffe-ag-gossau-2025-24-haelg-group_1600x1200-1024x768.jpg 1024w, https:\/\/haelg.ch\/app\/uploads\/2026\/02\/huber-kunststoffe-ag-gossau-2025-24-haelg-group_1600x1200-300x225.jpg 300w, https:\/\/haelg.ch\/app\/uploads\/2026\/02\/huber-kunststoffe-ag-gossau-2025-24-haelg-group_1600x1200-768x576.jpg 768w, https:\/\/haelg.ch\/app\/uploads\/2026\/02\/huber-kunststoffe-ag-gossau-2025-24-haelg-group_1600x1200-1536x1152.jpg 1536w, https:\/\/haelg.ch\/app\/uploads\/2026\/02\/huber-kunststoffe-ag-gossau-2025-24-haelg-group_1600x1200.jpg 1600w\" sizes=\"auto, (max-width: 1024px) 100vw, 1024px\" \/><\/a><\/figure>\n\n\n\n<figure class=\"wp-block-image size-large\"><a href=\"https:\/\/haelg.ch\/app\/uploads\/2026\/02\/huber-kunststoffe-ag-gossau-2025-15-haelg-group_1600x1200.jpg\"><img decoding=\"async\" width=\"1024\" height=\"768\" loading=\"lazy\" loading=\"lazy\" loading=\"lazy\" loading=\"lazy\" data-id=\"205901\" src=\"https:\/\/haelg.ch\/app\/uploads\/2026\/02\/huber-kunststoffe-ag-gossau-2025-15-haelg-group_1600x1200-1024x768.jpg\" alt=\"L\u00fcftung\/Klima f\u00fcr Huber Kunststoffe AG in Gossau\" class=\"wp-image-205901\" srcset=\"https:\/\/haelg.ch\/app\/uploads\/2026\/02\/huber-kunststoffe-ag-gossau-2025-15-haelg-group_1600x1200-1024x768.jpg 1024w, https:\/\/haelg.ch\/app\/uploads\/2026\/02\/huber-kunststoffe-ag-gossau-2025-15-haelg-group_1600x1200-300x225.jpg 300w, https:\/\/haelg.ch\/app\/uploads\/2026\/02\/huber-kunststoffe-ag-gossau-2025-15-haelg-group_1600x1200-768x576.jpg 768w, https:\/\/haelg.ch\/app\/uploads\/2026\/02\/huber-kunststoffe-ag-gossau-2025-15-haelg-group_1600x1200-1536x1152.jpg 1536w, https:\/\/haelg.ch\/app\/uploads\/2026\/02\/huber-kunststoffe-ag-gossau-2025-15-haelg-group_1600x1200.jpg 1600w\" sizes=\"auto, (max-width: 1024px) 100vw, 1024px\" \/><\/a><\/figure>\n\n\n\n<figure class=\"wp-block-image size-large\"><a href=\"https:\/\/haelg.ch\/app\/uploads\/2026\/02\/huber-kunststoffe-ag-gossau-2025-22-haelg-group_1600x1200.jpg\"><img decoding=\"async\" width=\"1024\" height=\"768\" loading=\"lazy\" loading=\"lazy\" loading=\"lazy\" loading=\"lazy\" data-id=\"205907\" src=\"https:\/\/haelg.ch\/app\/uploads\/2026\/02\/huber-kunststoffe-ag-gossau-2025-22-haelg-group_1600x1200-1024x768.jpg\" alt=\"L\u00fcftungsteam der H\u00e4lg &amp; Co. AG St.Gallen vor einer L\u00fcftungsanlage\" class=\"wp-image-205907\" srcset=\"https:\/\/haelg.ch\/app\/uploads\/2026\/02\/huber-kunststoffe-ag-gossau-2025-22-haelg-group_1600x1200-1024x768.jpg 1024w, https:\/\/haelg.ch\/app\/uploads\/2026\/02\/huber-kunststoffe-ag-gossau-2025-22-haelg-group_1600x1200-300x225.jpg 300w, https:\/\/haelg.ch\/app\/uploads\/2026\/02\/huber-kunststoffe-ag-gossau-2025-22-haelg-group_1600x1200-768x576.jpg 768w, https:\/\/haelg.ch\/app\/uploads\/2026\/02\/huber-kunststoffe-ag-gossau-2025-22-haelg-group_1600x1200-1536x1152.jpg 1536w, https:\/\/haelg.ch\/app\/uploads\/2026\/02\/huber-kunststoffe-ag-gossau-2025-22-haelg-group_1600x1200.jpg 1600w\" sizes=\"auto, (max-width: 1024px) 100vw, 1024px\" \/><\/a><\/figure>\n\n\n\n<figure class=\"wp-block-image size-large\"><a href=\"https:\/\/haelg.ch\/app\/uploads\/2026\/02\/huber-kunststoffe-ag-gossau-2025-45-haelg-group_1600x1200.jpg\"><img decoding=\"async\" width=\"1024\" height=\"768\" loading=\"lazy\" loading=\"lazy\" loading=\"lazy\" loading=\"lazy\" data-id=\"205886\" src=\"https:\/\/haelg.ch\/app\/uploads\/2026\/02\/huber-kunststoffe-ag-gossau-2025-45-haelg-group_1600x1200-1024x768.jpg\" alt=\"Heizung\/K\u00e4lte f\u00fcr Huber Kunststoffe AG in Gossau\" class=\"wp-image-205886\" srcset=\"https:\/\/haelg.ch\/app\/uploads\/2026\/02\/huber-kunststoffe-ag-gossau-2025-45-haelg-group_1600x1200-1024x768.jpg 1024w, https:\/\/haelg.ch\/app\/uploads\/2026\/02\/huber-kunststoffe-ag-gossau-2025-45-haelg-group_1600x1200-300x225.jpg 300w, https:\/\/haelg.ch\/app\/uploads\/2026\/02\/huber-kunststoffe-ag-gossau-2025-45-haelg-group_1600x1200-768x576.jpg 768w, https:\/\/haelg.ch\/app\/uploads\/2026\/02\/huber-kunststoffe-ag-gossau-2025-45-haelg-group_1600x1200-1536x1152.jpg 1536w, https:\/\/haelg.ch\/app\/uploads\/2026\/02\/huber-kunststoffe-ag-gossau-2025-45-haelg-group_1600x1200.jpg 1600w\" sizes=\"auto, (max-width: 1024px) 100vw, 1024px\" \/><\/a><\/figure>\n\n\n\n<figure class=\"wp-block-image size-large\"><a href=\"https:\/\/haelg.ch\/app\/uploads\/2026\/02\/huber-kunststoffe-ag-gossau-2025-96-haelg-group_1600x1200.jpg\"><img decoding=\"async\" width=\"1024\" height=\"768\" loading=\"lazy\" loading=\"lazy\" loading=\"lazy\" loading=\"lazy\" data-id=\"205895\" src=\"https:\/\/haelg.ch\/app\/uploads\/2026\/02\/huber-kunststoffe-ag-gossau-2025-96-haelg-group_1600x1200-1024x768.jpg\" alt=\"Neubau Huber Kunststoffe AG in Gossau\" class=\"wp-image-205895\" srcset=\"https:\/\/haelg.ch\/app\/uploads\/2026\/02\/huber-kunststoffe-ag-gossau-2025-96-haelg-group_1600x1200-1024x768.jpg 1024w, https:\/\/haelg.ch\/app\/uploads\/2026\/02\/huber-kunststoffe-ag-gossau-2025-96-haelg-group_1600x1200-300x225.jpg 300w, https:\/\/haelg.ch\/app\/uploads\/2026\/02\/huber-kunststoffe-ag-gossau-2025-96-haelg-group_1600x1200-768x576.jpg 768w, https:\/\/haelg.ch\/app\/uploads\/2026\/02\/huber-kunststoffe-ag-gossau-2025-96-haelg-group_1600x1200-1536x1152.jpg 1536w, https:\/\/haelg.ch\/app\/uploads\/2026\/02\/huber-kunststoffe-ag-gossau-2025-96-haelg-group_1600x1200.jpg 1600w\" sizes=\"auto, (max-width: 1024px) 100vw, 1024px\" \/><\/a><\/figure>\n\n\n\n<figure class=\"wp-block-image size-large\"><a href=\"https:\/\/haelg.ch\/app\/uploads\/2026\/02\/huber-kunststoffe-ag-gossau-2025-19-haelg-group_1600x1200.jpg\"><img decoding=\"async\" width=\"1024\" height=\"768\" loading=\"lazy\" loading=\"lazy\" loading=\"lazy\" loading=\"lazy\" data-id=\"205904\" src=\"https:\/\/haelg.ch\/app\/uploads\/2026\/02\/huber-kunststoffe-ag-gossau-2025-19-haelg-group_1600x1200-1024x768.jpg\" alt=\"L\u00fcftung\/Klima f\u00fcr Huber Kunststoffe AG in Gossau\" class=\"wp-image-205904\" srcset=\"https:\/\/haelg.ch\/app\/uploads\/2026\/02\/huber-kunststoffe-ag-gossau-2025-19-haelg-group_1600x1200-1024x768.jpg 1024w, https:\/\/haelg.ch\/app\/uploads\/2026\/02\/huber-kunststoffe-ag-gossau-2025-19-haelg-group_1600x1200-300x225.jpg 300w, https:\/\/haelg.ch\/app\/uploads\/2026\/02\/huber-kunststoffe-ag-gossau-2025-19-haelg-group_1600x1200-768x576.jpg 768w, https:\/\/haelg.ch\/app\/uploads\/2026\/02\/huber-kunststoffe-ag-gossau-2025-19-haelg-group_1600x1200-1536x1152.jpg 1536w, https:\/\/haelg.ch\/app\/uploads\/2026\/02\/huber-kunststoffe-ag-gossau-2025-19-haelg-group_1600x1200.jpg 1600w\" sizes=\"auto, (max-width: 1024px) 100vw, 1024px\" \/><\/a><\/figure>\n<\/figure>\n<\/div>\n<\/div>\n\n\n\n<div class=\"wp-block-group is-layout-constrained wp-block-group-is-layout-constrained\">\n<h2 class=\"wp-block-heading has-text-align-center\">Plus d\u2019information sur le projet?<\/h2>\n\n\n\n<div class=\"wp-block-group is-style-col-3 is-nowrap is-layout-flex wp-container-core-group-is-layout-bd3f9bef wp-block-group-is-layout-flex\">        <div class=\"wp-block wp-custom-block-employee\"  >\n            <div class=\"employee-image\" style=\"background-image:url(https:\/\/haelg.ch\/app\/uploads\/2026\/02\/benz-linus-haelg-group_1200x1200.jpg)\"><\/div>\n            <div class=\"employee-info\">\n                <h3>Linus Benz<\/h3>\n                <p class=\"employee-role\">Chef de projet ventilation\/climatisation                    <br \/>H\u00e4lg &#038; Cie SA St-Gall                <\/p>\n                <p class=\"employee-contact\">\n                                            <a href=\"tel:+41 71 243 39 35\">+41 71 243 39 35<\/a>\n                    \n                                            <a href=\"mailto:linus.benz@haelg.ch\">linus.benz@haelg.ch<\/a>\n                                    <\/p>\n            <\/div>\n        <\/div>\n    \n\n        <div class=\"wp-block wp-custom-block-employee\"  >\n            <div class=\"employee-image\" style=\"background-image:url(https:\/\/haelg.ch\/app\/uploads\/2025\/12\/rusch-ivo-haelg-group_1200x1200.jpg)\"><\/div>\n            <div class=\"employee-info\">\n                <h3>Ivo Rusch<\/h3>\n                <p class=\"employee-role\">Chef de projet senior sanitaire                    <br \/>H\u00e4lg &#038; Cie SA St-Gall                <\/p>\n                <p class=\"employee-contact\">\n                                            <a href=\"tel:+41 71 243 39 01\">+41 71 243 39 01<\/a>\n                    \n                                            <a href=\"mailto:ivo.rusch@haelg.ch\">ivo.rusch@haelg.ch<\/a>\n                                    <\/p>\n            <\/div>\n        <\/div>\n    \n\n        <div class=\"wp-block wp-custom-block-employee\"  >\n            <div class=\"employee-image\" style=\"background-image:url(https:\/\/haelg.ch\/app\/uploads\/2025\/12\/schoenenberger-daniel-haelg-group_1200x1200.jpg)\"><\/div>\n            <div class=\"employee-info\">\n                <h3>Daniel Sch\u00f6nenberger<\/h3>\n                <p class=\"employee-role\">Directeur de la succursale                    <br \/>H\u00e4lg &#038; Cie SA Wil                 <\/p>\n                <p class=\"employee-contact\">\n                                            <a href=\"tel:+41 71 243 38 75\">+41 71 243 38 75<\/a>\n                    \n                                            <a href=\"mailto:daniel.schoenenberger@haelg.ch\">daniel.schoenenberger@haelg.ch<\/a>\n                                    <\/p>\n            <\/div>\n        <\/div>\n    <\/div>\n<\/div>\n\n\n\n<div class=\"wp-block-media-text has-media-on-the-right is-stacked-on-mobile is-image-fill-element has-background-color has-secondary-background-color has-text-color has-background has-link-color wp-elements-a93c8cb8fb4e4f3475edc892fde21ac0\"><div class=\"wp-block-media-text__content\">\n<h2 class=\"wp-block-heading\">En savoir plus sur le projet<\/h2>\n\n\n\n<p>Plus d\u2019informations sur le projet Huber Kunststoff AG<\/p>\n\n\n\n<div class=\"wp-block-buttons is-style-list is-layout-flex wp-block-buttons-is-layout-flex\">\n<div class=\"wp-block-button is-style-outline is-style-outline--2\"><a class=\"wp-block-button__link wp-element-button\" href=\"https:\/\/haelg.ch\/fr\/reference\/huber-kunststoff-ag-gossau\/\">Plus d&rsquo;informations sur le projet de Huber Kunststoff AG<\/a><\/div>\n\n\n\n<div class=\"wp-block-button\"><a class=\"wp-block-button__link wp-element-button\" href=\"https:\/\/haelg.ch\/fr\/references\/\">Autres projets de r\u00e9f\u00e9rence de H\u00e4lg Group<\/a><\/div>\n<\/div>\n<\/div><figure class=\"wp-block-media-text__media\"><img decoding=\"async\" width=\"1024\" height=\"768\" loading=\"lazy\" src=\"https:\/\/haelg.ch\/app\/uploads\/2026\/02\/huber-kunststoffe-ag-gossau-2025-15-haelg-group_1600x1200-1024x768.jpg\" alt=\"L\u00fcftung\/Klima f\u00fcr Huber Kunststoffe AG in Gossau\" class=\"wp-image-205901 size-full\" style=\"object-position:50% 50%\" srcset=\"https:\/\/haelg.ch\/app\/uploads\/2026\/02\/huber-kunststoffe-ag-gossau-2025-15-haelg-group_1600x1200-1024x768.jpg 1024w, https:\/\/haelg.ch\/app\/uploads\/2026\/02\/huber-kunststoffe-ag-gossau-2025-15-haelg-group_1600x1200-300x225.jpg 300w, https:\/\/haelg.ch\/app\/uploads\/2026\/02\/huber-kunststoffe-ag-gossau-2025-15-haelg-group_1600x1200-768x576.jpg 768w, https:\/\/haelg.ch\/app\/uploads\/2026\/02\/huber-kunststoffe-ag-gossau-2025-15-haelg-group_1600x1200-1536x1152.jpg 1536w, https:\/\/haelg.ch\/app\/uploads\/2026\/02\/huber-kunststoffe-ag-gossau-2025-15-haelg-group_1600x1200.jpg 1600w\" sizes=\"auto, (max-width: 1024px) 100vw, 1024px\" \/><\/figure><\/div>\n\n\n\n<p><\/p>\n","protected":false},"excerpt":{"rendered":"<p>Huber Kunststoff AG est une entreprise familiale forte de 50 ann\u00e9es d\u2019exp\u00e9rience. Pour sa nouvelle construction \u00e0 Gossau, elle s\u2019est adress\u00e9e \u00e0 un partenaire comp\u00e9tent, H\u00e4lg &amp; Cie SA St-Gall, qui offre des pres tations globales dans le domaine de la ventilation \/ climatisation, du chauffage \/ froid et du sanitaire. Depuis cinquante ans, Huber [&hellip;]<\/p>\n","protected":false},"author":2,"featured_media":214800,"comment_status":"closed","ping_status":"closed","sticky":false,"template":"","format":"standard","meta":{"_acf_changed":false,"inline_featured_image":false,"footnotes":""},"categories":[163],"tags":[],"class_list":["post-214809","post","type-post","status-publish","format-standard","has-post-thumbnail","hentry","category-haellg-group-en-tant-que-prestataire-de-services"],"acf":[],"yoast_head":"<!-- This site is optimized with the Yoast SEO plugin v27.3 - https:\/\/yoast.com\/product\/yoast-seo-wordpress\/ -->\n<title>Centrale de ventilation sur le toit, un point de mire - H\u00e4lg Group<\/title>\n<meta name=\"description\" content=\"H\u00e4lg &amp; Cie SA \u00e0 St-Gall, a fait tous les travaux de ventilation, chauffage\/climatisation et sanitaire pour Huber Kunststoff AG, \u00e0 Gossau.\" \/>\n<meta name=\"robots\" content=\"index, follow, max-snippet:-1, max-image-preview:large, max-video-preview:-1\" \/>\n<link rel=\"canonical\" href=\"https:\/\/haelg.ch\/fr\/blog\/centrale-de-ventilation-sur-le-toit-un-point-de-mire\/\" \/>\n<meta property=\"og:locale\" content=\"fr_FR\" \/>\n<meta property=\"og:type\" content=\"article\" \/>\n<meta property=\"og:title\" content=\"Centrale de ventilation sur le toit, un point de mire - H\u00e4lg Group\" \/>\n<meta property=\"og:description\" content=\"H\u00e4lg &amp; Cie SA \u00e0 St-Gall, a fait tous les travaux de ventilation, chauffage\/climatisation et sanitaire pour Huber Kunststoff AG, \u00e0 Gossau.\" \/>\n<meta property=\"og:url\" content=\"https:\/\/haelg.ch\/fr\/blog\/centrale-de-ventilation-sur-le-toit-un-point-de-mire\/\" \/>\n<meta property=\"og:site_name\" content=\"H\u00e4lg Group\" \/>\n<meta property=\"article:publisher\" content=\"https:\/\/www.facebook.com\/haelg.ch\" \/>\n<meta property=\"article:published_time\" content=\"2026-03-16T06:54:08+00:00\" \/>\n<meta property=\"article:modified_time\" content=\"2026-03-16T06:55:00+00:00\" \/>\n<meta property=\"og:image\" content=\"https:\/\/haelg.ch\/app\/uploads\/2026\/03\/huber-kunststoffe-ag-gossau-2025-36-haelg-group_2400x2400-1024x1024.jpg\" \/>\n\t<meta property=\"og:image:width\" content=\"1024\" \/>\n\t<meta property=\"og:image:height\" content=\"1024\" \/>\n\t<meta property=\"og:image:type\" content=\"image\/jpeg\" \/>\n<meta name=\"author\" content=\"Tamara Bosshard\" \/>\n<meta name=\"twitter:card\" content=\"summary_large_image\" \/>\n<meta name=\"twitter:label1\" content=\"\u00c9crit par\" \/>\n\t<meta name=\"twitter:data1\" content=\"Tamara Bosshard\" \/>\n\t<meta name=\"twitter:label2\" content=\"Dur\u00e9e de lecture estim\u00e9e\" \/>\n\t<meta name=\"twitter:data2\" content=\"6 minutes\" \/>\n<script type=\"application\/ld+json\" class=\"yoast-schema-graph\">{\"@context\":\"https:\\\/\\\/schema.org\",\"@graph\":[{\"@type\":\"Article\",\"@id\":\"https:\\\/\\\/haelg.ch\\\/fr\\\/blog\\\/centrale-de-ventilation-sur-le-toit-un-point-de-mire\\\/#article\",\"isPartOf\":{\"@id\":\"https:\\\/\\\/haelg.ch\\\/fr\\\/blog\\\/centrale-de-ventilation-sur-le-toit-un-point-de-mire\\\/\"},\"author\":{\"name\":\"Tamara Bosshard\",\"@id\":\"https:\\\/\\\/haelg.ch\\\/fr\\\/#\\\/schema\\\/person\\\/8e9dd4048212292089ad3d4bc290cb1e\"},\"headline\":\"Centrale de ventilation sur le toit, un point de mire\",\"datePublished\":\"2026-03-16T06:54:08+00:00\",\"dateModified\":\"2026-03-16T06:55:00+00:00\",\"mainEntityOfPage\":{\"@id\":\"https:\\\/\\\/haelg.ch\\\/fr\\\/blog\\\/centrale-de-ventilation-sur-le-toit-un-point-de-mire\\\/\"},\"wordCount\":666,\"publisher\":{\"@id\":\"https:\\\/\\\/haelg.ch\\\/fr\\\/#organization\"},\"image\":{\"@id\":\"https:\\\/\\\/haelg.ch\\\/fr\\\/blog\\\/centrale-de-ventilation-sur-le-toit-un-point-de-mire\\\/#primaryimage\"},\"thumbnailUrl\":\"https:\\\/\\\/haelg.ch\\\/app\\\/uploads\\\/2026\\\/03\\\/huber-kunststoffe-ag-gossau-2025-36-haelg-group_2400x2400.jpg\",\"articleSection\":[\"H\u00e4lg Group en tant que prestataire de services\"],\"inLanguage\":\"fr-FR\"},{\"@type\":\"WebPage\",\"@id\":\"https:\\\/\\\/haelg.ch\\\/fr\\\/blog\\\/centrale-de-ventilation-sur-le-toit-un-point-de-mire\\\/\",\"url\":\"https:\\\/\\\/haelg.ch\\\/fr\\\/blog\\\/centrale-de-ventilation-sur-le-toit-un-point-de-mire\\\/\",\"name\":\"Centrale de ventilation sur le toit, un point de mire - H\u00e4lg Group\",\"isPartOf\":{\"@id\":\"https:\\\/\\\/haelg.ch\\\/fr\\\/#website\"},\"primaryImageOfPage\":{\"@id\":\"https:\\\/\\\/haelg.ch\\\/fr\\\/blog\\\/centrale-de-ventilation-sur-le-toit-un-point-de-mire\\\/#primaryimage\"},\"image\":{\"@id\":\"https:\\\/\\\/haelg.ch\\\/fr\\\/blog\\\/centrale-de-ventilation-sur-le-toit-un-point-de-mire\\\/#primaryimage\"},\"thumbnailUrl\":\"https:\\\/\\\/haelg.ch\\\/app\\\/uploads\\\/2026\\\/03\\\/huber-kunststoffe-ag-gossau-2025-36-haelg-group_2400x2400.jpg\",\"datePublished\":\"2026-03-16T06:54:08+00:00\",\"dateModified\":\"2026-03-16T06:55:00+00:00\",\"description\":\"H\u00e4lg & Cie SA \u00e0 St-Gall, a fait tous les travaux de ventilation, chauffage\\\/climatisation et sanitaire pour Huber Kunststoff AG, \u00e0 Gossau.\",\"breadcrumb\":{\"@id\":\"https:\\\/\\\/haelg.ch\\\/fr\\\/blog\\\/centrale-de-ventilation-sur-le-toit-un-point-de-mire\\\/#breadcrumb\"},\"inLanguage\":\"fr-FR\",\"potentialAction\":[{\"@type\":\"ReadAction\",\"target\":[\"https:\\\/\\\/haelg.ch\\\/fr\\\/blog\\\/centrale-de-ventilation-sur-le-toit-un-point-de-mire\\\/\"]}]},{\"@type\":\"ImageObject\",\"inLanguage\":\"fr-FR\",\"@id\":\"https:\\\/\\\/haelg.ch\\\/fr\\\/blog\\\/centrale-de-ventilation-sur-le-toit-un-point-de-mire\\\/#primaryimage\",\"url\":\"https:\\\/\\\/haelg.ch\\\/app\\\/uploads\\\/2026\\\/03\\\/huber-kunststoffe-ag-gossau-2025-36-haelg-group_2400x2400.jpg\",\"contentUrl\":\"https:\\\/\\\/haelg.ch\\\/app\\\/uploads\\\/2026\\\/03\\\/huber-kunststoffe-ag-gossau-2025-36-haelg-group_2400x2400.jpg\",\"width\":2400,\"height\":2400,\"caption\":\"L\u00fcftungsanlage auf dem Dach von Huber Kunststoffe AG in Gossau\"},{\"@type\":\"BreadcrumbList\",\"@id\":\"https:\\\/\\\/haelg.ch\\\/fr\\\/blog\\\/centrale-de-ventilation-sur-le-toit-un-point-de-mire\\\/#breadcrumb\",\"itemListElement\":[{\"@type\":\"ListItem\",\"position\":1,\"name\":\"Accueil\",\"item\":\"https:\\\/\\\/haelg.ch\\\/fr\\\/\"},{\"@type\":\"ListItem\",\"position\":2,\"name\":\"Centrale de ventilation sur le toit, un point de mire\"}]},{\"@type\":\"WebSite\",\"@id\":\"https:\\\/\\\/haelg.ch\\\/fr\\\/#website\",\"url\":\"https:\\\/\\\/haelg.ch\\\/fr\\\/\",\"name\":\"H\u00e4lg Group\",\"description\":\"\",\"publisher\":{\"@id\":\"https:\\\/\\\/haelg.ch\\\/fr\\\/#organization\"},\"potentialAction\":[{\"@type\":\"SearchAction\",\"target\":{\"@type\":\"EntryPoint\",\"urlTemplate\":\"https:\\\/\\\/haelg.ch\\\/fr\\\/?s={search_term_string}\"},\"query-input\":{\"@type\":\"PropertyValueSpecification\",\"valueRequired\":true,\"valueName\":\"search_term_string\"}}],\"inLanguage\":\"fr-FR\"},{\"@type\":\"Organization\",\"@id\":\"https:\\\/\\\/haelg.ch\\\/fr\\\/#organization\",\"name\":\"H\u00e4lg Group\",\"url\":\"https:\\\/\\\/haelg.ch\\\/fr\\\/\",\"logo\":{\"@type\":\"ImageObject\",\"inLanguage\":\"fr-FR\",\"@id\":\"https:\\\/\\\/haelg.ch\\\/fr\\\/#\\\/schema\\\/logo\\\/image\\\/\",\"url\":\"https:\\\/\\\/haelg.ch\\\/app\\\/uploads\\\/2025\\\/01\\\/haelg-group-logo_1800x1200.jpg\",\"contentUrl\":\"https:\\\/\\\/haelg.ch\\\/app\\\/uploads\\\/2025\\\/01\\\/haelg-group-logo_1800x1200.jpg\",\"width\":1620,\"height\":1080,\"caption\":\"H\u00e4lg Group\"},\"image\":{\"@id\":\"https:\\\/\\\/haelg.ch\\\/fr\\\/#\\\/schema\\\/logo\\\/image\\\/\"},\"sameAs\":[\"https:\\\/\\\/www.facebook.com\\\/haelg.ch\",\"https:\\\/\\\/www.linkedin.com\\\/company\\\/haelggroup\\\/\",\"https:\\\/\\\/www.instagram.com\\\/haelg.group\\\/\",\"https:\\\/\\\/www.youtube.com\\\/channel\\\/UCCP6yzfvj3o6gA9J5L0QJCg\\\/videos\",\"https:\\\/\\\/www.kununu.com\\\/ch\\\/haelg-group\"]},{\"@type\":\"Person\",\"@id\":\"https:\\\/\\\/haelg.ch\\\/fr\\\/#\\\/schema\\\/person\\\/8e9dd4048212292089ad3d4bc290cb1e\",\"name\":\"Tamara Bosshard\",\"image\":{\"@type\":\"ImageObject\",\"inLanguage\":\"fr-FR\",\"@id\":\"https:\\\/\\\/secure.gravatar.com\\\/avatar\\\/aa9ee86279660707389f9d639560758e09aa3d6a5918288457dcaa0ed931a42d?s=96&d=mm&r=g\",\"url\":\"https:\\\/\\\/secure.gravatar.com\\\/avatar\\\/aa9ee86279660707389f9d639560758e09aa3d6a5918288457dcaa0ed931a42d?s=96&d=mm&r=g\",\"contentUrl\":\"https:\\\/\\\/secure.gravatar.com\\\/avatar\\\/aa9ee86279660707389f9d639560758e09aa3d6a5918288457dcaa0ed931a42d?s=96&d=mm&r=g\",\"caption\":\"Tamara Bosshard\"}}]}<\/script>\n<!-- \/ Yoast SEO plugin. -->","yoast_head_json":{"title":"Centrale de ventilation sur le toit, un point de mire - H\u00e4lg Group","description":"H\u00e4lg & Cie SA \u00e0 St-Gall, a fait tous les travaux de ventilation, chauffage\/climatisation et sanitaire pour Huber Kunststoff AG, \u00e0 Gossau.","robots":{"index":"index","follow":"follow","max-snippet":"max-snippet:-1","max-image-preview":"max-image-preview:large","max-video-preview":"max-video-preview:-1"},"canonical":"https:\/\/haelg.ch\/fr\/blog\/centrale-de-ventilation-sur-le-toit-un-point-de-mire\/","og_locale":"fr_FR","og_type":"article","og_title":"Centrale de ventilation sur le toit, un point de mire - H\u00e4lg Group","og_description":"H\u00e4lg & Cie SA \u00e0 St-Gall, a fait tous les travaux de ventilation, chauffage\/climatisation et sanitaire pour Huber Kunststoff AG, \u00e0 Gossau.","og_url":"https:\/\/haelg.ch\/fr\/blog\/centrale-de-ventilation-sur-le-toit-un-point-de-mire\/","og_site_name":"H\u00e4lg Group","article_publisher":"https:\/\/www.facebook.com\/haelg.ch","article_published_time":"2026-03-16T06:54:08+00:00","article_modified_time":"2026-03-16T06:55:00+00:00","og_image":[{"width":1024,"height":1024,"url":"https:\/\/haelg.ch\/app\/uploads\/2026\/03\/huber-kunststoffe-ag-gossau-2025-36-haelg-group_2400x2400-1024x1024.jpg","type":"image\/jpeg"}],"author":"Tamara Bosshard","twitter_card":"summary_large_image","twitter_misc":{"\u00c9crit par":"Tamara Bosshard","Dur\u00e9e de lecture estim\u00e9e":"6 minutes"},"schema":{"@context":"https:\/\/schema.org","@graph":[{"@type":"Article","@id":"https:\/\/haelg.ch\/fr\/blog\/centrale-de-ventilation-sur-le-toit-un-point-de-mire\/#article","isPartOf":{"@id":"https:\/\/haelg.ch\/fr\/blog\/centrale-de-ventilation-sur-le-toit-un-point-de-mire\/"},"author":{"name":"Tamara Bosshard","@id":"https:\/\/haelg.ch\/fr\/#\/schema\/person\/8e9dd4048212292089ad3d4bc290cb1e"},"headline":"Centrale de ventilation sur le toit, un point de mire","datePublished":"2026-03-16T06:54:08+00:00","dateModified":"2026-03-16T06:55:00+00:00","mainEntityOfPage":{"@id":"https:\/\/haelg.ch\/fr\/blog\/centrale-de-ventilation-sur-le-toit-un-point-de-mire\/"},"wordCount":666,"publisher":{"@id":"https:\/\/haelg.ch\/fr\/#organization"},"image":{"@id":"https:\/\/haelg.ch\/fr\/blog\/centrale-de-ventilation-sur-le-toit-un-point-de-mire\/#primaryimage"},"thumbnailUrl":"https:\/\/haelg.ch\/app\/uploads\/2026\/03\/huber-kunststoffe-ag-gossau-2025-36-haelg-group_2400x2400.jpg","articleSection":["H\u00e4lg Group en tant que prestataire de services"],"inLanguage":"fr-FR"},{"@type":"WebPage","@id":"https:\/\/haelg.ch\/fr\/blog\/centrale-de-ventilation-sur-le-toit-un-point-de-mire\/","url":"https:\/\/haelg.ch\/fr\/blog\/centrale-de-ventilation-sur-le-toit-un-point-de-mire\/","name":"Centrale de ventilation sur le toit, un point de mire - H\u00e4lg Group","isPartOf":{"@id":"https:\/\/haelg.ch\/fr\/#website"},"primaryImageOfPage":{"@id":"https:\/\/haelg.ch\/fr\/blog\/centrale-de-ventilation-sur-le-toit-un-point-de-mire\/#primaryimage"},"image":{"@id":"https:\/\/haelg.ch\/fr\/blog\/centrale-de-ventilation-sur-le-toit-un-point-de-mire\/#primaryimage"},"thumbnailUrl":"https:\/\/haelg.ch\/app\/uploads\/2026\/03\/huber-kunststoffe-ag-gossau-2025-36-haelg-group_2400x2400.jpg","datePublished":"2026-03-16T06:54:08+00:00","dateModified":"2026-03-16T06:55:00+00:00","description":"H\u00e4lg & Cie SA \u00e0 St-Gall, a fait tous les travaux de ventilation, chauffage\/climatisation et sanitaire pour Huber Kunststoff AG, \u00e0 Gossau.","breadcrumb":{"@id":"https:\/\/haelg.ch\/fr\/blog\/centrale-de-ventilation-sur-le-toit-un-point-de-mire\/#breadcrumb"},"inLanguage":"fr-FR","potentialAction":[{"@type":"ReadAction","target":["https:\/\/haelg.ch\/fr\/blog\/centrale-de-ventilation-sur-le-toit-un-point-de-mire\/"]}]},{"@type":"ImageObject","inLanguage":"fr-FR","@id":"https:\/\/haelg.ch\/fr\/blog\/centrale-de-ventilation-sur-le-toit-un-point-de-mire\/#primaryimage","url":"https:\/\/haelg.ch\/app\/uploads\/2026\/03\/huber-kunststoffe-ag-gossau-2025-36-haelg-group_2400x2400.jpg","contentUrl":"https:\/\/haelg.ch\/app\/uploads\/2026\/03\/huber-kunststoffe-ag-gossau-2025-36-haelg-group_2400x2400.jpg","width":2400,"height":2400,"caption":"L\u00fcftungsanlage auf dem Dach von Huber Kunststoffe AG in Gossau"},{"@type":"BreadcrumbList","@id":"https:\/\/haelg.ch\/fr\/blog\/centrale-de-ventilation-sur-le-toit-un-point-de-mire\/#breadcrumb","itemListElement":[{"@type":"ListItem","position":1,"name":"Accueil","item":"https:\/\/haelg.ch\/fr\/"},{"@type":"ListItem","position":2,"name":"Centrale de ventilation sur le toit, un point de mire"}]},{"@type":"WebSite","@id":"https:\/\/haelg.ch\/fr\/#website","url":"https:\/\/haelg.ch\/fr\/","name":"H\u00e4lg Group","description":"","publisher":{"@id":"https:\/\/haelg.ch\/fr\/#organization"},"potentialAction":[{"@type":"SearchAction","target":{"@type":"EntryPoint","urlTemplate":"https:\/\/haelg.ch\/fr\/?s={search_term_string}"},"query-input":{"@type":"PropertyValueSpecification","valueRequired":true,"valueName":"search_term_string"}}],"inLanguage":"fr-FR"},{"@type":"Organization","@id":"https:\/\/haelg.ch\/fr\/#organization","name":"H\u00e4lg Group","url":"https:\/\/haelg.ch\/fr\/","logo":{"@type":"ImageObject","inLanguage":"fr-FR","@id":"https:\/\/haelg.ch\/fr\/#\/schema\/logo\/image\/","url":"https:\/\/haelg.ch\/app\/uploads\/2025\/01\/haelg-group-logo_1800x1200.jpg","contentUrl":"https:\/\/haelg.ch\/app\/uploads\/2025\/01\/haelg-group-logo_1800x1200.jpg","width":1620,"height":1080,"caption":"H\u00e4lg Group"},"image":{"@id":"https:\/\/haelg.ch\/fr\/#\/schema\/logo\/image\/"},"sameAs":["https:\/\/www.facebook.com\/haelg.ch","https:\/\/www.linkedin.com\/company\/haelggroup\/","https:\/\/www.instagram.com\/haelg.group\/","https:\/\/www.youtube.com\/channel\/UCCP6yzfvj3o6gA9J5L0QJCg\/videos","https:\/\/www.kununu.com\/ch\/haelg-group"]},{"@type":"Person","@id":"https:\/\/haelg.ch\/fr\/#\/schema\/person\/8e9dd4048212292089ad3d4bc290cb1e","name":"Tamara Bosshard","image":{"@type":"ImageObject","inLanguage":"fr-FR","@id":"https:\/\/secure.gravatar.com\/avatar\/aa9ee86279660707389f9d639560758e09aa3d6a5918288457dcaa0ed931a42d?s=96&d=mm&r=g","url":"https:\/\/secure.gravatar.com\/avatar\/aa9ee86279660707389f9d639560758e09aa3d6a5918288457dcaa0ed931a42d?s=96&d=mm&r=g","contentUrl":"https:\/\/secure.gravatar.com\/avatar\/aa9ee86279660707389f9d639560758e09aa3d6a5918288457dcaa0ed931a42d?s=96&d=mm&r=g","caption":"Tamara Bosshard"}}]}},"_links":{"self":[{"href":"https:\/\/haelg.ch\/fr\/wp-json\/wp\/v2\/posts\/214809","targetHints":{"allow":["GET"]}}],"collection":[{"href":"https:\/\/haelg.ch\/fr\/wp-json\/wp\/v2\/posts"}],"about":[{"href":"https:\/\/haelg.ch\/fr\/wp-json\/wp\/v2\/types\/post"}],"author":[{"embeddable":true,"href":"https:\/\/haelg.ch\/fr\/wp-json\/wp\/v2\/users\/2"}],"replies":[{"embeddable":true,"href":"https:\/\/haelg.ch\/fr\/wp-json\/wp\/v2\/comments?post=214809"}],"version-history":[{"count":7,"href":"https:\/\/haelg.ch\/fr\/wp-json\/wp\/v2\/posts\/214809\/revisions"}],"predecessor-version":[{"id":218492,"href":"https:\/\/haelg.ch\/fr\/wp-json\/wp\/v2\/posts\/214809\/revisions\/218492"}],"wp:featuredmedia":[{"embeddable":true,"href":"https:\/\/haelg.ch\/fr\/wp-json\/wp\/v2\/media\/214800"}],"wp:attachment":[{"href":"https:\/\/haelg.ch\/fr\/wp-json\/wp\/v2\/media?parent=214809"}],"wp:term":[{"taxonomy":"category","embeddable":true,"href":"https:\/\/haelg.ch\/fr\/wp-json\/wp\/v2\/categories?post=214809"},{"taxonomy":"post_tag","embeddable":true,"href":"https:\/\/haelg.ch\/fr\/wp-json\/wp\/v2\/tags?post=214809"}],"curies":[{"name":"wp","href":"https:\/\/api.w.org\/{rel}","templated":true}]}}