{"id":74778,"date":"2025-03-24T16:12:28","date_gmt":"2025-03-24T15:12:28","guid":{"rendered":"https:\/\/haelg.ch\/?post_type=pressreleases&#038;p=74778"},"modified":"2025-03-24T16:29:20","modified_gmt":"2025-03-24T15:29:20","slug":"haelg-group-maintient-son-cap-sur-la-croissance-et-realise-un-nouveau-chiffre-daffaires-record","status":"publish","type":"pressreleases","link":"https:\/\/haelg.ch\/fr\/pressreleases\/haelg-group-maintient-son-cap-sur-la-croissance-et-realise-un-nouveau-chiffre-daffaires-record\/","title":{"rendered":"H\u00e4lg Group maintient son cap sur la croissance et r\u00e9alise un nouveau chiffre d\u2019affaires record"},"content":{"rendered":"\n<p>Die H\u00e4lg Group blickt auf ein weiteres erfolgreiches Gesch\u00e4ftsjahr zur\u00fcck. Trotz anspruchsvoller Marktbedingungen konnte das Unternehmen seinen Umsatz von 360 auf die neue Rekordmarke von 365 Millionen Franken steigern. Als attraktive Arbeitgeberin ist es der H\u00e4lg Group zudem gelungen, in einem von Fachkr\u00e4ftemangel gepr\u00e4gten Markt den Personalbestand signifikant auf 1240 Mitarbeitende zu steigern.<\/p>\n","protected":false},"featured_media":74768,"template":"","class_list":["post-74778","pressreleases","type-pressreleases","status-publish","has-post-thumbnail","hentry"],"acf":[],"yoast_head":"<!-- This site is optimized with the Yoast SEO plugin v27.3 - https:\/\/yoast.com\/product\/yoast-seo-wordpress\/ -->\n<title>H\u00e4lg Group r\u00e9alise 2024 un chiffre d\u2019affaires record | H\u00e4lg Group<\/title>\n<meta name=\"description\" content=\"H\u00e4lg Group maintient son cap sur la croissance et r\u00e9alise un nouveau chiffre d\u2019affaires record. Plus info dans le communiqu\u00e9 de presse.\" \/>\n<meta name=\"robots\" content=\"index, follow, max-snippet:-1, max-image-preview:large, max-video-preview:-1\" \/>\n<link rel=\"canonical\" href=\"https:\/\/haelg.ch\/fr\/pressreleases\/haelg-group-maintient-son-cap-sur-la-croissance-et-realise-un-nouveau-chiffre-daffaires-record\/\" \/>\n<meta property=\"og:locale\" content=\"fr_FR\" \/>\n<meta property=\"og:type\" content=\"article\" \/>\n<meta property=\"og:title\" content=\"H\u00e4lg Group r\u00e9alise 2024 un chiffre d\u2019affaires record | H\u00e4lg Group\" \/>\n<meta property=\"og:description\" content=\"H\u00e4lg Group maintient son cap sur la croissance et r\u00e9alise un nouveau chiffre d\u2019affaires record. Plus info dans le communiqu\u00e9 de presse.\" \/>\n<meta property=\"og:url\" content=\"https:\/\/haelg.ch\/fr\/pressreleases\/haelg-group-maintient-son-cap-sur-la-croissance-et-realise-un-nouveau-chiffre-daffaires-record\/\" \/>\n<meta property=\"og:site_name\" content=\"H\u00e4lg Group\" \/>\n<meta property=\"article:publisher\" content=\"https:\/\/www.facebook.com\/haelg.ch\" \/>\n<meta property=\"article:modified_time\" content=\"2025-03-24T15:29:20+00:00\" \/>\n<meta property=\"og:image\" content=\"https:\/\/haelg.ch\/app\/uploads\/2025\/03\/Hauptsitz_Haelg_Group_1600x1200-1024x768.png\" \/>\n\t<meta property=\"og:image:width\" content=\"1024\" \/>\n\t<meta property=\"og:image:height\" content=\"768\" \/>\n\t<meta property=\"og:image:type\" content=\"image\/png\" \/>\n<meta name=\"twitter:card\" content=\"summary_large_image\" \/>\n<meta name=\"twitter:label1\" content=\"Dur\u00e9e de lecture estim\u00e9e\" \/>\n\t<meta name=\"twitter:data1\" content=\"1 minute\" \/>\n<script type=\"application\/ld+json\" class=\"yoast-schema-graph\">{\"@context\":\"https:\\\/\\\/schema.org\",\"@graph\":[{\"@type\":\"WebPage\",\"@id\":\"https:\\\/\\\/haelg.ch\\\/fr\\\/pressreleases\\\/haelg-group-maintient-son-cap-sur-la-croissance-et-realise-un-nouveau-chiffre-daffaires-record\\\/\",\"url\":\"https:\\\/\\\/haelg.ch\\\/fr\\\/pressreleases\\\/haelg-group-maintient-son-cap-sur-la-croissance-et-realise-un-nouveau-chiffre-daffaires-record\\\/\",\"name\":\"H\u00e4lg Group r\u00e9alise 2024 un chiffre d\u2019affaires record | H\u00e4lg Group\",\"isPartOf\":{\"@id\":\"https:\\\/\\\/haelg.ch\\\/fr\\\/#website\"},\"primaryImageOfPage\":{\"@id\":\"https:\\\/\\\/haelg.ch\\\/fr\\\/pressreleases\\\/haelg-group-maintient-son-cap-sur-la-croissance-et-realise-un-nouveau-chiffre-daffaires-record\\\/#primaryimage\"},\"image\":{\"@id\":\"https:\\\/\\\/haelg.ch\\\/fr\\\/pressreleases\\\/haelg-group-maintient-son-cap-sur-la-croissance-et-realise-un-nouveau-chiffre-daffaires-record\\\/#primaryimage\"},\"thumbnailUrl\":\"https:\\\/\\\/haelg.ch\\\/app\\\/uploads\\\/2025\\\/03\\\/Hauptsitz_Haelg_Group_1600x1200.png\",\"datePublished\":\"2025-03-24T15:12:28+00:00\",\"dateModified\":\"2025-03-24T15:29:20+00:00\",\"description\":\"H\u00e4lg Group maintient son cap sur la croissance et r\u00e9alise un nouveau chiffre d\u2019affaires record. Plus info dans le communiqu\u00e9 de presse.\",\"breadcrumb\":{\"@id\":\"https:\\\/\\\/haelg.ch\\\/fr\\\/pressreleases\\\/haelg-group-maintient-son-cap-sur-la-croissance-et-realise-un-nouveau-chiffre-daffaires-record\\\/#breadcrumb\"},\"inLanguage\":\"fr-FR\",\"potentialAction\":[{\"@type\":\"ReadAction\",\"target\":[\"https:\\\/\\\/haelg.ch\\\/fr\\\/pressreleases\\\/haelg-group-maintient-son-cap-sur-la-croissance-et-realise-un-nouveau-chiffre-daffaires-record\\\/\"]}]},{\"@type\":\"ImageObject\",\"inLanguage\":\"fr-FR\",\"@id\":\"https:\\\/\\\/haelg.ch\\\/fr\\\/pressreleases\\\/haelg-group-maintient-son-cap-sur-la-croissance-et-realise-un-nouveau-chiffre-daffaires-record\\\/#primaryimage\",\"url\":\"https:\\\/\\\/haelg.ch\\\/app\\\/uploads\\\/2025\\\/03\\\/Hauptsitz_Haelg_Group_1600x1200.png\",\"contentUrl\":\"https:\\\/\\\/haelg.ch\\\/app\\\/uploads\\\/2025\\\/03\\\/Hauptsitz_Haelg_Group_1600x1200.png\",\"width\":1600,\"height\":1200,\"caption\":\"Hauptsitz der H\u00e4lg Group in St. Gallen mit Logotafel\"},{\"@type\":\"BreadcrumbList\",\"@id\":\"https:\\\/\\\/haelg.ch\\\/fr\\\/pressreleases\\\/haelg-group-maintient-son-cap-sur-la-croissance-et-realise-un-nouveau-chiffre-daffaires-record\\\/#breadcrumb\",\"itemListElement\":[{\"@type\":\"ListItem\",\"position\":1,\"name\":\"Accueil\",\"item\":\"https:\\\/\\\/haelg.ch\\\/fr\\\/\"},{\"@type\":\"ListItem\",\"position\":2,\"name\":\"M\u00e9dias\",\"item\":\"https:\\\/\\\/haelg.ch\\\/fr\\\/pressreleases\\\/\"},{\"@type\":\"ListItem\",\"position\":3,\"name\":\"H\u00e4lg Group maintient son cap sur la croissance et r\u00e9alise un nouveau chiffre d\u2019affaires record\"}]},{\"@type\":\"WebSite\",\"@id\":\"https:\\\/\\\/haelg.ch\\\/fr\\\/#website\",\"url\":\"https:\\\/\\\/haelg.ch\\\/fr\\\/\",\"name\":\"H\u00e4lg Group\",\"description\":\"\",\"publisher\":{\"@id\":\"https:\\\/\\\/haelg.ch\\\/fr\\\/#organization\"},\"potentialAction\":[{\"@type\":\"SearchAction\",\"target\":{\"@type\":\"EntryPoint\",\"urlTemplate\":\"https:\\\/\\\/haelg.ch\\\/fr\\\/?s={search_term_string}\"},\"query-input\":{\"@type\":\"PropertyValueSpecification\",\"valueRequired\":true,\"valueName\":\"search_term_string\"}}],\"inLanguage\":\"fr-FR\"},{\"@type\":\"Organization\",\"@id\":\"https:\\\/\\\/haelg.ch\\\/fr\\\/#organization\",\"name\":\"H\u00e4lg Group\",\"url\":\"https:\\\/\\\/haelg.ch\\\/fr\\\/\",\"logo\":{\"@type\":\"ImageObject\",\"inLanguage\":\"fr-FR\",\"@id\":\"https:\\\/\\\/haelg.ch\\\/fr\\\/#\\\/schema\\\/logo\\\/image\\\/\",\"url\":\"https:\\\/\\\/haelg.ch\\\/app\\\/uploads\\\/2025\\\/01\\\/haelg-group-logo_1800x1200.jpg\",\"contentUrl\":\"https:\\\/\\\/haelg.ch\\\/app\\\/uploads\\\/2025\\\/01\\\/haelg-group-logo_1800x1200.jpg\",\"width\":1620,\"height\":1080,\"caption\":\"H\u00e4lg Group\"},\"image\":{\"@id\":\"https:\\\/\\\/haelg.ch\\\/fr\\\/#\\\/schema\\\/logo\\\/image\\\/\"},\"sameAs\":[\"https:\\\/\\\/www.facebook.com\\\/haelg.ch\",\"https:\\\/\\\/www.linkedin.com\\\/company\\\/haelggroup\\\/\",\"https:\\\/\\\/www.instagram.com\\\/haelg.group\\\/\",\"https:\\\/\\\/www.youtube.com\\\/channel\\\/UCCP6yzfvj3o6gA9J5L0QJCg\\\/videos\",\"https:\\\/\\\/www.kununu.com\\\/ch\\\/haelg-group\"]}]}<\/script>\n<!-- \/ Yoast SEO plugin. -->","yoast_head_json":{"title":"H\u00e4lg Group r\u00e9alise 2024 un chiffre d\u2019affaires record | H\u00e4lg Group","description":"H\u00e4lg Group maintient son cap sur la croissance et r\u00e9alise un nouveau chiffre d\u2019affaires record. Plus info dans le communiqu\u00e9 de presse.","robots":{"index":"index","follow":"follow","max-snippet":"max-snippet:-1","max-image-preview":"max-image-preview:large","max-video-preview":"max-video-preview:-1"},"canonical":"https:\/\/haelg.ch\/fr\/pressreleases\/haelg-group-maintient-son-cap-sur-la-croissance-et-realise-un-nouveau-chiffre-daffaires-record\/","og_locale":"fr_FR","og_type":"article","og_title":"H\u00e4lg Group r\u00e9alise 2024 un chiffre d\u2019affaires record | H\u00e4lg Group","og_description":"H\u00e4lg Group maintient son cap sur la croissance et r\u00e9alise un nouveau chiffre d\u2019affaires record. Plus info dans le communiqu\u00e9 de presse.","og_url":"https:\/\/haelg.ch\/fr\/pressreleases\/haelg-group-maintient-son-cap-sur-la-croissance-et-realise-un-nouveau-chiffre-daffaires-record\/","og_site_name":"H\u00e4lg Group","article_publisher":"https:\/\/www.facebook.com\/haelg.ch","article_modified_time":"2025-03-24T15:29:20+00:00","og_image":[{"width":1024,"height":768,"url":"https:\/\/haelg.ch\/app\/uploads\/2025\/03\/Hauptsitz_Haelg_Group_1600x1200-1024x768.png","type":"image\/png"}],"twitter_card":"summary_large_image","twitter_misc":{"Dur\u00e9e de lecture estim\u00e9e":"1 minute"},"schema":{"@context":"https:\/\/schema.org","@graph":[{"@type":"WebPage","@id":"https:\/\/haelg.ch\/fr\/pressreleases\/haelg-group-maintient-son-cap-sur-la-croissance-et-realise-un-nouveau-chiffre-daffaires-record\/","url":"https:\/\/haelg.ch\/fr\/pressreleases\/haelg-group-maintient-son-cap-sur-la-croissance-et-realise-un-nouveau-chiffre-daffaires-record\/","name":"H\u00e4lg Group r\u00e9alise 2024 un chiffre d\u2019affaires record | H\u00e4lg Group","isPartOf":{"@id":"https:\/\/haelg.ch\/fr\/#website"},"primaryImageOfPage":{"@id":"https:\/\/haelg.ch\/fr\/pressreleases\/haelg-group-maintient-son-cap-sur-la-croissance-et-realise-un-nouveau-chiffre-daffaires-record\/#primaryimage"},"image":{"@id":"https:\/\/haelg.ch\/fr\/pressreleases\/haelg-group-maintient-son-cap-sur-la-croissance-et-realise-un-nouveau-chiffre-daffaires-record\/#primaryimage"},"thumbnailUrl":"https:\/\/haelg.ch\/app\/uploads\/2025\/03\/Hauptsitz_Haelg_Group_1600x1200.png","datePublished":"2025-03-24T15:12:28+00:00","dateModified":"2025-03-24T15:29:20+00:00","description":"H\u00e4lg Group maintient son cap sur la croissance et r\u00e9alise un nouveau chiffre d\u2019affaires record. Plus info dans le communiqu\u00e9 de presse.","breadcrumb":{"@id":"https:\/\/haelg.ch\/fr\/pressreleases\/haelg-group-maintient-son-cap-sur-la-croissance-et-realise-un-nouveau-chiffre-daffaires-record\/#breadcrumb"},"inLanguage":"fr-FR","potentialAction":[{"@type":"ReadAction","target":["https:\/\/haelg.ch\/fr\/pressreleases\/haelg-group-maintient-son-cap-sur-la-croissance-et-realise-un-nouveau-chiffre-daffaires-record\/"]}]},{"@type":"ImageObject","inLanguage":"fr-FR","@id":"https:\/\/haelg.ch\/fr\/pressreleases\/haelg-group-maintient-son-cap-sur-la-croissance-et-realise-un-nouveau-chiffre-daffaires-record\/#primaryimage","url":"https:\/\/haelg.ch\/app\/uploads\/2025\/03\/Hauptsitz_Haelg_Group_1600x1200.png","contentUrl":"https:\/\/haelg.ch\/app\/uploads\/2025\/03\/Hauptsitz_Haelg_Group_1600x1200.png","width":1600,"height":1200,"caption":"Hauptsitz der H\u00e4lg Group in St. Gallen mit Logotafel"},{"@type":"BreadcrumbList","@id":"https:\/\/haelg.ch\/fr\/pressreleases\/haelg-group-maintient-son-cap-sur-la-croissance-et-realise-un-nouveau-chiffre-daffaires-record\/#breadcrumb","itemListElement":[{"@type":"ListItem","position":1,"name":"Accueil","item":"https:\/\/haelg.ch\/fr\/"},{"@type":"ListItem","position":2,"name":"M\u00e9dias","item":"https:\/\/haelg.ch\/fr\/pressreleases\/"},{"@type":"ListItem","position":3,"name":"H\u00e4lg Group maintient son cap sur la croissance et r\u00e9alise un nouveau chiffre d\u2019affaires record"}]},{"@type":"WebSite","@id":"https:\/\/haelg.ch\/fr\/#website","url":"https:\/\/haelg.ch\/fr\/","name":"H\u00e4lg Group","description":"","publisher":{"@id":"https:\/\/haelg.ch\/fr\/#organization"},"potentialAction":[{"@type":"SearchAction","target":{"@type":"EntryPoint","urlTemplate":"https:\/\/haelg.ch\/fr\/?s={search_term_string}"},"query-input":{"@type":"PropertyValueSpecification","valueRequired":true,"valueName":"search_term_string"}}],"inLanguage":"fr-FR"},{"@type":"Organization","@id":"https:\/\/haelg.ch\/fr\/#organization","name":"H\u00e4lg Group","url":"https:\/\/haelg.ch\/fr\/","logo":{"@type":"ImageObject","inLanguage":"fr-FR","@id":"https:\/\/haelg.ch\/fr\/#\/schema\/logo\/image\/","url":"https:\/\/haelg.ch\/app\/uploads\/2025\/01\/haelg-group-logo_1800x1200.jpg","contentUrl":"https:\/\/haelg.ch\/app\/uploads\/2025\/01\/haelg-group-logo_1800x1200.jpg","width":1620,"height":1080,"caption":"H\u00e4lg Group"},"image":{"@id":"https:\/\/haelg.ch\/fr\/#\/schema\/logo\/image\/"},"sameAs":["https:\/\/www.facebook.com\/haelg.ch","https:\/\/www.linkedin.com\/company\/haelggroup\/","https:\/\/www.instagram.com\/haelg.group\/","https:\/\/www.youtube.com\/channel\/UCCP6yzfvj3o6gA9J5L0QJCg\/videos","https:\/\/www.kununu.com\/ch\/haelg-group"]}]}},"_links":{"self":[{"href":"https:\/\/haelg.ch\/fr\/wp-json\/wp\/v2\/pressreleases\/74778","targetHints":{"allow":["GET"]}}],"collection":[{"href":"https:\/\/haelg.ch\/fr\/wp-json\/wp\/v2\/pressreleases"}],"about":[{"href":"https:\/\/haelg.ch\/fr\/wp-json\/wp\/v2\/types\/pressreleases"}],"wp:featuredmedia":[{"embeddable":true,"href":"https:\/\/haelg.ch\/fr\/wp-json\/wp\/v2\/media\/74768"}],"wp:attachment":[{"href":"https:\/\/haelg.ch\/fr\/wp-json\/wp\/v2\/media?parent=74778"}],"curies":[{"name":"wp","href":"https:\/\/api.w.org\/{rel}","templated":true}]}}